{"id":1524,"date":"2014-12-18T11:10:57","date_gmt":"2014-12-18T09:10:57","guid":{"rendered":"http:\/\/blog.elpuig.xeill.net\/?p=1524"},"modified":"2014-12-20T13:48:41","modified_gmt":"2014-12-20T11:48:41","slug":"vot-als-16-anys","status":"publish","type":"post","link":"https:\/\/blog.elpuig.xeill.net\/?p=1524","title":{"rendered":"Vot als 16 anys?"},"content":{"rendered":"<p>A la consulta del 9-N han pogut votar els nois i les noies de 16 i 17 anys. Pel que vaig poder observar <em>in situ<\/em>, sembla que no hi han anat massivament, encara que en aquests moments no tinc present la xifra dels participants d\u2019aquesta franja d\u2019edat. Els qui s\u00ed van votar ho van fer amb convicci\u00f3 i alegria, orgullosos de sentir-se grans, de participar en un moment col\u00b7lectiu important. I els seus pares, orgullosos tamb\u00e9.<\/p>\n<p>Per\u00f2 qu\u00e8 en pensa, del dret de vot als 16 anys, un col\u00b7lectiu m\u00e9s ampli i heterogeni de nois i noies d\u2019aquesta edat? Els ho he preguntat, i les respostes penso que reflecteixen for\u00e7a el que en podr\u00edem dir \u201csignes dels temps\u201d o en to m\u00e9s col\u00b7loquial \u201c\u00e9s el que hi ha\u201d. L\u2019opini\u00f3 dels alumnes en diversos temes i les viv\u00e8ncies de tants anys a l\u2019ensenyament m\u2019han servit d\u2019inspiraci\u00f3 per a molts escrits per\u00f2 mai no havia recollit tan directament els seus punts de vista. D\u2019alguna manera sento que traeixo una mena de \u201csecret de confessi\u00f3\u201d perqu\u00e8 per molt treball escolar que sigui i per m\u00e9s pautat que vagi sota l\u2019ep\u00edgraf \u201cel text argumentatiu\u201d, l\u2019alumne no deixa de mostrar-se despulladament sincer quan s\u2019expressa per escrit. I com que els professors \u201cprofessem\u201d, hem de ser molt curosos en l\u2019administraci\u00f3 de la confian\u00e7a que dipositen en nosaltres. Aix\u00ed doncs, direm els \u201cpecats\u201d, tot venial\u00edssims, per\u00f2 no els \u201cpecadors\u201d.<\/p>\n<p><a href=\"http:\/\/blog.elpuig.xeill.net\/wp-content\/uploads\/2014\/12\/Votar-a-los-16-a\u00f1os.jpg\"><img loading=\"lazy\" class=\"aligncenter size-medium wp-image-1525\" title=\"Votar a los 16 a\u00f1os\" src=\"http:\/\/blog.elpuig.xeill.net\/wp-content\/uploads\/2014\/12\/Votar-a-los-16-a\u00f1os-300x150.jpg\" alt=\"\" width=\"300\" height=\"150\" srcset=\"https:\/\/blog.elpuig.xeill.net\/wp-content\/uploads\/2014\/12\/Votar-a-los-16-a\u00f1os-300x150.jpg 300w, https:\/\/blog.elpuig.xeill.net\/wp-content\/uploads\/2014\/12\/Votar-a-los-16-a\u00f1os.jpg 316w\" sizes=\"(max-width: 300px) 100vw, 300px\" \/><\/a><strong>Immadurs, per\u00f2 no tant<\/strong><br \/>\nLa majoria es declaren immadurs per a opinar en q\u00fcestions tan importants com la tria dels representants pol\u00edtics, votar en consultes ciutadanes i refer\u00e8ndums, etc. No m\u2019ha sorpr\u00e8s. De fet, m\u2019ha sorpr\u00e8s que no hi hagu\u00e9s m\u00e9s rebuig i m\u00e9s simplisme del tipus \u201ctots s\u00f3n iguals\u201d. En certs moments m\u2019ha commogut la sincera autocr\u00edtica d\u2019alguns que mostren m\u00e9s seny del que ells mateixos s\u2019atorguen. Una mostra: \u201cMoltes vegades ens costa decidir sobre nosaltres mateixos, per tant no crec que estiguem preparats per decidir sobre el futur d\u2019un pa\u00eds. Ara, en temes d\u2019educaci\u00f3, per exemple si l\u2019ESO hauria de ser m\u00e9s curta o igual que ara o si el batxillerat hauria de durar tres anys o si s\u2019hauria de treure o no la selectivitat, s\u00ed que podr\u00edem votar, com a m\u00ednim perqu\u00e8 se sab\u00e9s la nostra opini\u00f3.\u201d<\/p>\n<p>Algun es mostra contundentment en contra d\u2019abaixar l\u2019edat per poder votar als 16. Sinceritat total masculina: \u201cEl vot a aquesta edat no s\u2019ha de permetre perqu\u00e8 a aquesta edat no pensem amb racionalitat. A aquesta edat pensem m\u00e9s en les noies que en cap altra cosa.\u201d I femenina: \u201cA la nostra edat nom\u00e9s pensem en la roba, en el nostre f\u00edsic, en arreglar-nos, en sortir, en els amics, en la parella\u2026\u201d N\u2019hi ha que veuen el vot adolescent totalment captiu de la ideologia dels pares o presa f\u00e0cil de pol\u00edtics poc \u00e8tics disposats a enredar-los amb promeses enganyoses o amb campanyes atractives : \u201cAlguns votarien aquest o l\u2019altre perqu\u00e8 ho diuen els seus pares o per portar-los la contr\u00e0ria\u201d o \u201cperqu\u00e8 els agrada la m\u00fasica de la campanya\u201d. Per\u00f2 tamb\u00e9 hi ha qui, tot i no veure clar que el jove estigui prou informat i preparat com per emetre un vot, es q\u00fcestiona per qu\u00e8 no es deixa votar un noi o una noia que als 16 anys ja pot signar un contracte laboral i que pot inc\u00f3rrer en responsabilitats penals, ja que la majoria d\u2019edat penal \u00e9s tamb\u00e9 als 18 anys, per\u00f2 s\u2019\u00e9s responsable davant la just\u00edcia a partir dels 14 anys.<\/p>\n<p>Dins el bloc dels oposats al vot juvenil n\u2019hi ha que s\u2019exclouen del ramat d\u2019inconscients que considera que s\u00f3n els seus coetanis: \u201cLa majoria votarien qualsevol tonteria i farien que el pa\u00eds an\u00e9s molt pitjor.\u201d \u201cJoves en el meu entorn encara no saben en el m\u00f3n que viuen i ho veuen tot com si estiguessin en un n\u00favol.\u201d \u201cLa majoria ni tan sols votarien, i si ho fessin seria portats per l\u2019opini\u00f3 dels amics.\u201d \u201c\u00c9s massa important la tasca d\u2019un president, i les decisions que ha de prendre afecten massa gent com per deixar part de la responsabilitat de la seva elecci\u00f3 als joves de 16 anys.\u201d<\/p>\n<p><a href=\"http:\/\/blog.elpuig.xeill.net\/wp-content\/uploads\/2014\/12\/Jove-votant1.jpg\"><img loading=\"lazy\" class=\"aligncenter size-full wp-image-1529\" title=\"Jove votant\" src=\"http:\/\/blog.elpuig.xeill.net\/wp-content\/uploads\/2014\/12\/Jove-votant1.jpg\" alt=\"\" width=\"300\" height=\"170\" \/><\/a><\/p>\n<p><strong>No \u00e9s l\u2019edat, \u00e9s el cap<\/strong><br \/>\nUna minoria planteja una veritat que tots hem pensat algun cop: la maduresa \u00e9s q\u00fcesti\u00f3 d\u2019edat per\u00f2 no exclusivament. Seguint amb les opinions, hi ha qui no veu madurs ni als de 18: \u201cAl meu germ\u00e0 i els seus amics, que tenen 18 anys i alguns 19, jo no els veig informats ni preocupats per la pol\u00edtica.\u201d \u201cS\u2019hauria de votar als 20 anys, com al Jap\u00f3.\u201d \u201cPer exercir el dret de vot no s\u2019hauria de tenir en compte nom\u00e9s l\u2019edat sin\u00f3 la maduresa real de la persona. Crec que abans de votar s\u2019hauria de passar algun tipus de prova .\u201d<br \/>\nTamb\u00e9 entre els dels \u201cno\u201d s\u2019hi aporten solucions alternatives com permetre el vot juvenil en les municipals o fer-ne una mena de prova pilot. D\u2019altres no volen saber res de votacions ni de pol\u00edtica, tot agafant-se a la inconsci\u00e8ncia com un avantatge de l\u2019edat, amb una mena de recan\u00e7a de perdre els privilegis d\u2019una infantesa ja llunyana que, indefectiblement, est\u00e0 cremant els darrers cartutxos.<\/p>\n<p><strong>Puc votar o encara m\u2019he d\u2019esperar?<\/strong><br \/>\nEn el grup dels favorables, hi ha contund\u00e8ncia: \u201cVull votar!\u201d. \u201cPodr\u00e9 votar o encara m\u2019he d\u2019esperar?\u201d, titulen. I argumenten: \u201cAls 16 anys \u00e9s l\u2019edat en qu\u00e8 les persones han de comen\u00e7ar a pensar seriosament en el seu futur i prendre decisions: estudiar, treballar, qu\u00e8 triar, a qu\u00e8 et vols dedicar\u2026 Per a mi aix\u00f2 vol dir que comences a fer-te una mica m\u00e9s adult i comences a tenir les idees m\u00e9s clares.\u201d I, tot donant-li la volta, mostren la inexperi\u00e8ncia com un valor: \u201cQuan una persona \u00e9s jove comen\u00e7a a raonar ja que es poden escoltar opinions diferents i escollir el que es creu millor. Si aix\u00f2 es pot fer per exemple quan s\u2019estudia filosofia, tamb\u00e9 es pot fer amb la pol\u00edtica i amb altres temes de la vida.\u201d<\/p>\n<p>N\u2019hi ha que s\u2019han informat de quins pa\u00efsos permeten el vot juvenil: \u201cHi ha pa\u00efsos com \u00c0ustria, Argentina o Brasil on els joves poden votar a partir dels 16.\u201d I creuen que aix\u00ed el jove se sentiria m\u00e9s responsable dels afers col\u00b7lectius i miraria la pol\u00edtica amb m\u00e9s inter\u00e8s : \u201cSom el futur i hem de mantenir-nos informats del que s\u2019est\u00e0 fent en el present.\u201d I reivindicatius: \u201cHem de fer-nos notar en la societat on vivim.\u201d \u201cSi se suposa que tots tenim els mateixos drets, per qu\u00e8 han de fer fora un segment d\u2019edat que per a altres tasques s\u00ed que es considera prou madur?\u201d<\/p>\n<p style=\"text-align: left;\"><strong>Conclusi\u00f3<\/strong>: en aquest tema, i en tots, els joves pensen pel seu compte m\u00e9s del que sembla i m\u00e9s del que molts entre ells mateixos creuen. Nom\u00e9s cal donar-los una empenteta. I fer-los-ho posar per escrit, que obliga a pensar i a afinar els arguments.<\/p>\n<p style=\"text-align: right;\"><strong>Agustina Rico<\/strong><\/p>\n","protected":false},"excerpt":{"rendered":"<p>A la consulta del 9-N han pogut votar els nois i les noies de 16 i 17 anys. Pel que vaig poder observar in situ, sembla que no hi han anat massivament, encara que en aquests moments no tinc present &hellip; <a href=\"https:\/\/blog.elpuig.xeill.net\/?p=1524\">Continua llegint <span class=\"meta-nav\">&rarr;<\/span><\/a><\/p>\n","protected":false},"author":2,"featured_media":0,"comment_status":"open","ping_status":"open","sticky":false,"template":"","format":"standard","meta":[],"categories":[42],"tags":[182],"_links":{"self":[{"href":"https:\/\/blog.elpuig.xeill.net\/index.php?rest_route=\/wp\/v2\/posts\/1524"}],"collection":[{"href":"https:\/\/blog.elpuig.xeill.net\/index.php?rest_route=\/wp\/v2\/posts"}],"about":[{"href":"https:\/\/blog.elpuig.xeill.net\/index.php?rest_route=\/wp\/v2\/types\/post"}],"author":[{"embeddable":true,"href":"https:\/\/blog.elpuig.xeill.net\/index.php?rest_route=\/wp\/v2\/users\/2"}],"replies":[{"embeddable":true,"href":"https:\/\/blog.elpuig.xeill.net\/index.php?rest_route=%2Fwp%2Fv2%2Fcomments&post=1524"}],"version-history":[{"count":5,"href":"https:\/\/blog.elpuig.xeill.net\/index.php?rest_route=\/wp\/v2\/posts\/1524\/revisions"}],"predecessor-version":[{"id":1531,"href":"https:\/\/blog.elpuig.xeill.net\/index.php?rest_route=\/wp\/v2\/posts\/1524\/revisions\/1531"}],"wp:attachment":[{"href":"https:\/\/blog.elpuig.xeill.net\/index.php?rest_route=%2Fwp%2Fv2%2Fmedia&parent=1524"}],"wp:term":[{"taxonomy":"category","embeddable":true,"href":"https:\/\/blog.elpuig.xeill.net\/index.php?rest_route=%2Fwp%2Fv2%2Fcategories&post=1524"},{"taxonomy":"post_tag","embeddable":true,"href":"https:\/\/blog.elpuig.xeill.net\/index.php?rest_route=%2Fwp%2Fv2%2Ftags&post=1524"}],"curies":[{"name":"wp","href":"https:\/\/api.w.org\/{rel}","templated":true}]}}