{"id":1507,"date":"2014-12-12T11:46:04","date_gmt":"2014-12-12T09:46:04","guid":{"rendered":"http:\/\/blog.elpuig.xeill.net\/?p=1507"},"modified":"2020-05-06T19:14:59","modified_gmt":"2020-05-06T17:14:59","slug":"malala-yousafzai-i-kailash-satyarthi-reben-el-premi-nobel-de-la-pau","status":"publish","type":"post","link":"https:\/\/blog.elpuig.xeill.net\/?p=1507","title":{"rendered":"Malala Yousafzai i Kailash Satyarthi reben el premi Nobel de la Pau"},"content":{"rendered":"<p>Aquest any el <a title=\"Premi Nobel de la Pau\" href=\"http:\/\/ca.wikipedia.org\/wiki\/Premi_Nobel_de_la_Pau\">premi Nobel de la Pau,<\/a> que s&#8217;atorga a Oslo en comptes d&#8217;Estocolmo (seu on s&#8217;atorga la resta de premis Nobel), s&#8217;ha lliurat a la pakistanesa <a title=\"Malala Yousafzai\" href=\"http:\/\/ca.wikipedia.org\/wiki\/Malala_Yousafzai\">Malala Yousafzai<\/a>, musulmana, i l&#8217;indi <a title=\"Kailash Satyarthi\" href=\"http:\/\/ca.wikipedia.org\/wiki\/Kailash_Satyarthi\">Kailash Satyarthi<\/a>, hind\u00fa, dos defensors dels nens i de l&#8217;educaci\u00f3.<\/p>\n<p>A una entrada anterior, &#8220;Contra la discriminaci\u00f3 de la dona&#8221; (10 de desembre de 2012), parl\u00e0vem de Malala Yousafzai, la jove pakistanesa que havia estat v\u00edctima d&#8217;un atemptat dels talibans amb un tret al cap per defensar el dret de les nenes a l&#8217;educaci\u00f3. Ara, dos anys despr\u00e9s d&#8217;aquell atemptat a la vall del Swat (Pakistan), Malala, de 17 anys, ha rebut a Oslo el premi Nobel de la Pau i ha proclamat al seu discurs d&#8217;agra\u00efment la seva disposici\u00f3 per seguir lluitant fins a &#8220;veure tots els nens a l&#8217;escola&#8221;, perqu\u00e8 encara hi ha milions de nens privats de l&#8217;educaci\u00f3 al m\u00f3n (66 milions dels quals s\u00f3n nenes).<\/p>\n<p><a href=\"http:\/\/blog.elpuig.xeill.net\/wp-content\/uploads\/2014\/12\/Malala-rep-el-premi-Nobel-de-la-Pau.jpg\"><img loading=\"lazy\" class=\"aligncenter size-medium wp-image-1510\" title=\"Malala rep el premi Nobel de la Pau\" src=\"http:\/\/blog.elpuig.xeill.net\/wp-content\/uploads\/2014\/12\/Malala-rep-el-premi-Nobel-de-la-Pau-300x203.jpg\" alt=\"\" width=\"300\" height=\"203\" srcset=\"https:\/\/blog.elpuig.xeill.net\/wp-content\/uploads\/2014\/12\/Malala-rep-el-premi-Nobel-de-la-Pau-300x203.jpg 300w, https:\/\/blog.elpuig.xeill.net\/wp-content\/uploads\/2014\/12\/Malala-rep-el-premi-Nobel-de-la-Pau-442x300.jpg 442w, https:\/\/blog.elpuig.xeill.net\/wp-content\/uploads\/2014\/12\/Malala-rep-el-premi-Nobel-de-la-Pau.jpg 478w\" sizes=\"(max-width: 300px) 100vw, 300px\" \/><\/a><\/p>\n<p>En coher\u00e8ncia amb les seves idees, Malala ha confirmat que dedicar\u00e0 \u00a0la seva part del premi (442.000 \u20ac) a construir \u00a0a Mingora, el seu poble (a la prov\u00edncia de Jaiber Pastunju\u00e0, al Pakistan), un\u00a0institut de secund\u00e0ria per a nenes, malgrat que ella no pugui tornar-hi, almenys de moment (viu amb la seva fam\u00edlia com a refugiats al Regne Unit).<\/p>\n<p>L&#8217;altre guardonat, Kailash Satyarthi, menys conegut internacionalment que Malala, \u00e9s un activista indi de 60 anys, fundador del <a title=\"Bachpan Bachao Andolan\" href=\"http:\/\/ca.wikipedia.org\/wiki\/Bachpan_Bachao_Andolan\">Bachpan Bachao Andolan<\/a> (BBA, Moviment per Salvar la Infantesa), que ha aconseguit alliberar fins ara 83.000 nens esclavitzats al seu pa\u00eds.<\/p>\n<p><a href=\"http:\/\/blog.elpuig.xeill.net\/wp-content\/uploads\/2014\/12\/Kailash-Satyarthi.jpg\"><img loading=\"lazy\" class=\"aligncenter size-medium wp-image-1511\" title=\"Indian activist Kailash Satyarthi\" src=\"http:\/\/blog.elpuig.xeill.net\/wp-content\/uploads\/2014\/12\/Kailash-Satyarthi-300x180.jpg\" alt=\"\" width=\"300\" height=\"180\" srcset=\"https:\/\/blog.elpuig.xeill.net\/wp-content\/uploads\/2014\/12\/Kailash-Satyarthi-300x180.jpg 300w, https:\/\/blog.elpuig.xeill.net\/wp-content\/uploads\/2014\/12\/Kailash-Satyarthi.jpg 460w\" sizes=\"(max-width: 300px) 100vw, 300px\" \/><\/a><\/p>\n<p>En rebre el premi, Satyarthi ha declarat que &#8220;l&#8217;esclavitud i el tr\u00e0fic de nens, el treball o el matrimoni infantil, l&#8217;ab\u00fas sexual o l&#8217;analfabetisme no tenen cabuda en una societat civilitzada&#8221;, ha fet una crida a la comunitat internacional per &#8220;universalitzar l&#8217;educaci\u00f3 i compartir la prosperitat&#8221; i ha anunciat que amb els diners rebuts (442.000 \u20ac) promour\u00e0 una Marxa Global contra el Treball Infantil.<\/p>\n<p>La seva organitzaci\u00f3, la BBA, \u00e9s, m\u00e9s que una ONG, un moviment popular format per 80.000 voluntaris (membres de sindicats, d&#8217;associacions de professors, d&#8217;oenag\u00e9s, etc.) que busquen en secret les f\u00e0briques, mines a cel obert, camps de cultiu de te i tallers on treballen nens en condicions d&#8217;esclavitud. Un cop localitzats aquests centres, organitzen batudes per tractar d&#8217;alliberar els nens i lliurar-los a cases d&#8217;acollida fins que els seus pares en puguin fer-se c\u00e0rrec. Les hist\u00f2ries d&#8217;aquests nens esclavitzats s\u00f3n esgarrifoses. &#8220;Un nen es va oblidar de plorar, perqu\u00e8 cada vegada que plorava li pegaven m\u00e9s, i la majoria han estat maltractats per haver-se quedat adormits mentre treballaven. I en el cas de nens de vuit o nou anys hi ha bastants casos d&#8217;ab\u00fas sexual&#8221;, expliquen els monitors de les cases d&#8217;acollida.<\/p>\n<p><a href=\"http:\/\/blog.elpuig.xeill.net\/wp-content\/uploads\/2014\/12\/Treball-infantil.jpg\"><img loading=\"lazy\" class=\"aligncenter size-full wp-image-1513\" title=\"Treball infantil\" src=\"http:\/\/blog.elpuig.xeill.net\/wp-content\/uploads\/2014\/12\/Treball-infantil.jpg\" alt=\"\" width=\"293\" height=\"172\" \/><\/a><\/p>\n<p>Als seus parlaments i declaracions, tant Malala com Satyarthi han condemnat reiteradament els abusos, l&#8217;explotaci\u00f3 i la viol\u00e8ncia que pateixen els nens a molts pa\u00efsos i han advocat pel compliment dels <a title=\"Drets de la inf\u00e0ncia\" href=\"http:\/\/ca.wikipedia.org\/wiki\/Drets_de_la_inf%C3%A0ncia\">drets de la inf\u00e0ncia<\/a>, entre els quals, \u00e9s clar, figura l&#8217;escolaritzaci\u00f3. Tanmateix, quan veiem que els mitjans de comunicaci\u00f3, l&#8217;opini\u00f3 p\u00fablica internacional i les xarxes inform\u00e0tiques sembla que s&#8217;hagin oblidat de les estudiants segrestades a Nig\u00e8ria (veure l&#8217;entrada corresponent en aquest bloc, &#8220;Per l&#8217;alliberament de les estudiants nigerianes&#8221;, de 19 de maig de 2014) i que tampoc no organitzen campanyes sistem\u00e0tiques de den\u00fancia per pressionar els governs i les organitzacions internacionals per acabar amb l&#8217;explotaci\u00f3 dels nens als pa\u00efsos on encara perviu aquest mal (\u00bfper qu\u00e8 l&#8217;ONU i altres organismes internacionals permeten que en formin part pa\u00efsos que no respecten els drets dels nens?), pensem que encara s&#8217;ha de lluitar molt i m\u00e9s coherentment per arribar a un m\u00f3n m\u00e9s just i m\u00e9s solidari. Tant de bo que aquest premi Nobel de la Pau 2014 tingui el millor dels efectes: sensibilitzar els pol\u00edtics i tota la ciutadania perqu\u00e8 es millorin les condicions de vida i escolaritzaci\u00f3 de tots els nens del m\u00f3n!<\/p>\n","protected":false},"excerpt":{"rendered":"<p>Aquest any el premi Nobel de la Pau, que s&#8217;atorga a Oslo en comptes d&#8217;Estocolmo (seu on s&#8217;atorga la resta de premis Nobel), s&#8217;ha lliurat a la pakistanesa Malala Yousafzai, musulmana, i l&#8217;indi Kailash Satyarthi, hind\u00fa, dos defensors dels nens &hellip; <a href=\"https:\/\/blog.elpuig.xeill.net\/?p=1507\">Continua llegint <span class=\"meta-nav\">&rarr;<\/span><\/a><\/p>\n","protected":false},"author":2,"featured_media":0,"comment_status":"open","ping_status":"open","sticky":false,"template":"","format":"standard","meta":[],"categories":[177,66],"tags":[119,181],"_links":{"self":[{"href":"https:\/\/blog.elpuig.xeill.net\/index.php?rest_route=\/wp\/v2\/posts\/1507"}],"collection":[{"href":"https:\/\/blog.elpuig.xeill.net\/index.php?rest_route=\/wp\/v2\/posts"}],"about":[{"href":"https:\/\/blog.elpuig.xeill.net\/index.php?rest_route=\/wp\/v2\/types\/post"}],"author":[{"embeddable":true,"href":"https:\/\/blog.elpuig.xeill.net\/index.php?rest_route=\/wp\/v2\/users\/2"}],"replies":[{"embeddable":true,"href":"https:\/\/blog.elpuig.xeill.net\/index.php?rest_route=%2Fwp%2Fv2%2Fcomments&post=1507"}],"version-history":[{"count":13,"href":"https:\/\/blog.elpuig.xeill.net\/index.php?rest_route=\/wp\/v2\/posts\/1507\/revisions"}],"predecessor-version":[{"id":2826,"href":"https:\/\/blog.elpuig.xeill.net\/index.php?rest_route=\/wp\/v2\/posts\/1507\/revisions\/2826"}],"wp:attachment":[{"href":"https:\/\/blog.elpuig.xeill.net\/index.php?rest_route=%2Fwp%2Fv2%2Fmedia&parent=1507"}],"wp:term":[{"taxonomy":"category","embeddable":true,"href":"https:\/\/blog.elpuig.xeill.net\/index.php?rest_route=%2Fwp%2Fv2%2Fcategories&post=1507"},{"taxonomy":"post_tag","embeddable":true,"href":"https:\/\/blog.elpuig.xeill.net\/index.php?rest_route=%2Fwp%2Fv2%2Ftags&post=1507"}],"curies":[{"name":"wp","href":"https:\/\/api.w.org\/{rel}","templated":true}]}}