{"id":1441,"date":"2014-05-19T23:44:35","date_gmt":"2014-05-19T21:44:35","guid":{"rendered":"http:\/\/blog.elpuig.xeill.net\/?p=1441"},"modified":"2014-05-20T08:13:19","modified_gmt":"2014-05-20T06:13:19","slug":"per-lalliberament-de-les-estudiants-nigerianes","status":"publish","type":"post","link":"https:\/\/blog.elpuig.xeill.net\/?p=1441","title":{"rendered":"Per l&#8217;alliberament de les estudiants nigerianes"},"content":{"rendered":"<p>A Nig\u00e8ria, el pa\u00eds m\u00e9s poblat (170 milions d&#8217;habitants) i m\u00e9s ric d&#8217;\u00c0frica gr\u00e0cies al petroli, nom\u00e9s el 44% de les nenes estan escolaritzades i moltes de les alumnes escolaritzades i de les seves fam\u00edlies, sobretot al nord del pa\u00eds, de majoria musulmana, estan sotmeses a la por, a les pressions i a la viol\u00e8ncia dels fonamentalistes isl\u00e0mics que no creuen en l&#8217;escolaritzaci\u00f3 de les dones ni respecten els seus drets. El cas m\u00e9s recent d&#8217;aquesta viol\u00e8ncia contra les dones \u00e9s el segrest el 14 d&#8217;abril passat de 267 estudiants de secund\u00e0ria pel grup terrorista Boko Haram (aquest nom vol dir &#8220;l&#8217;educaci\u00f3 no isl\u00e0mica \u00e9s pecat&#8221;), branca nigeriana d&#8217;Al Qaida, que vol fer-les servir com a moneda de canvi perqu\u00e8 el govern de Nig\u00e8ria excarceri a familiars dels guerrillers. Aquest grup armat ja ha matat a m\u00e9s de 3000 persones des que al 2009 la policia nigeriana acab\u00e9s amb la vida de Mohamed Yusuf, el l\u00edder de Boko Haram.<\/p>\n<p><a href=\"http:\/\/blog.elpuig.xeill.net\/wp-content\/uploads\/2014\/05\/Nenes-de-Nig\u00e8ria-segrestades.jpg\"><img loading=\"lazy\" class=\"aligncenter size-full wp-image-1442\" title=\"Nenes de Nig\u00e8ria segrestades\" src=\"http:\/\/blog.elpuig.xeill.net\/wp-content\/uploads\/2014\/05\/Nenes-de-Nig\u00e8ria-segrestades.jpg\" alt=\"\" width=\"300\" height=\"224\" \/><\/a><\/p>\n<p>Les fam\u00edlies de les nenes segrestades han posat en marxa la campanya <em>Bring Back Our Girls!<\/em> (Torneu-nos les noies!)\u00a0per sensibilitzar a l&#8217;opini\u00f3 p\u00fablica internacional i aconseguir ajuda perqu\u00e8 el govern nigeri\u00e0 posi els recursos necessaris per localitzar i alliberar les nenes segrestades.<\/p>\n<p>Per la seva part, el <a title=\"Alliberament de les nenes segrestades a Nig\u00e8ria\" href=\"http:\/\/www.xtec.cat\/web\/comunitat\/campanyaalumnesnigerianes\/galeria\">Departament d&#8217;Ensenyament ha volgut afegir-se a la campanya<\/a> animant les escoles i instituts de Catalunya a participar-hi amb diferents propostes. Una d&#8217;aquestes propostes, duta a terme el 14 de maig, dimecres, quan es complia un mes del segrest, consistia en fer fotos de concentracions als centres escolars i posar-les a la xarxa per recolzar la campanya.<\/p>\n<p><a href=\"http:\/\/blog.elpuig.xeill.net\/wp-content\/uploads\/2014\/05\/LInstitut-Puig-Castellar-amb-les-nenes-segrestades-a-Nig\u00e8ria.jpg\"><img loading=\"lazy\" class=\"aligncenter size-medium wp-image-1445\" title=\"L'Institut Puig Castellar, amb les nenes segrestades a Nig\u00e8ria\" src=\"http:\/\/blog.elpuig.xeill.net\/wp-content\/uploads\/2014\/05\/LInstitut-Puig-Castellar-amb-les-nenes-segrestades-a-Nig\u00e8ria-300x199.jpg\" alt=\"\" width=\"300\" height=\"199\" srcset=\"https:\/\/blog.elpuig.xeill.net\/wp-content\/uploads\/2014\/05\/LInstitut-Puig-Castellar-amb-les-nenes-segrestades-a-Nig\u00e8ria-300x199.jpg 300w, https:\/\/blog.elpuig.xeill.net\/wp-content\/uploads\/2014\/05\/LInstitut-Puig-Castellar-amb-les-nenes-segrestades-a-Nig\u00e8ria-451x300.jpg 451w, https:\/\/blog.elpuig.xeill.net\/wp-content\/uploads\/2014\/05\/LInstitut-Puig-Castellar-amb-les-nenes-segrestades-a-Nig\u00e8ria.jpg 902w\" sizes=\"(max-width: 300px) 100vw, 300px\" \/><\/a><\/p>\n<p><a title=\"Torneu les estudiants segrestades a Nig\u00e8ria\" href=\"http:\/\/elpuig.xeill.net\/el-centre\/noticies\/2013-2014\/acte-per-lalliberament-de-les-noies-nigerianes-segrestades\">Al nostre institut<\/a>, el Puig Castellar, a les 11 del mat\u00ed del passat dimecres, alumnes i professors vam baixar al pati a reclamar l&#8217;alliberament de les noies nigerianes segrestades i transmetre a les fam\u00edlies i a totes les nenes de Nig\u00e8ria un missatge de solidaritat i d&#8217;esperan\u00e7a.<\/p>\n<p>Per la nostra part, al nostre blog, venim animant reiteradament l&#8217;alumnat a combatre la viol\u00e8ncia sexista (i de tot tipus!) i a lluitar per la igualtat de drets d&#8217;homes i dones (veure, per exemple, l&#8217;entrada titulada\u00a0<em>Contra la discriminaci\u00f3 de les dones<\/em>). Les dones de Nig\u00e8ria com les de qualsevol pa\u00eds del m\u00f3n tenen dret a l&#8217;escolaritzaci\u00f3! Allibereu les alumnes segrestades! Deixeu-les viure i estudiar en pau!<\/p>\n<p><a href=\"http:\/\/blog.elpuig.xeill.net\/wp-content\/uploads\/2014\/05\/Institut_Puig_Castellar_Santa_Coloma_de_Gramanet_2.jpg\"><img loading=\"lazy\" class=\"aligncenter size-medium wp-image-1444\" title=\"Institut_Puig_Castellar_Santa_Coloma_de_Gramanet_2\" src=\"http:\/\/blog.elpuig.xeill.net\/wp-content\/uploads\/2014\/05\/Institut_Puig_Castellar_Santa_Coloma_de_Gramanet_2-300x225.jpg\" alt=\"\" width=\"300\" height=\"225\" srcset=\"https:\/\/blog.elpuig.xeill.net\/wp-content\/uploads\/2014\/05\/Institut_Puig_Castellar_Santa_Coloma_de_Gramanet_2-300x225.jpg 300w, https:\/\/blog.elpuig.xeill.net\/wp-content\/uploads\/2014\/05\/Institut_Puig_Castellar_Santa_Coloma_de_Gramanet_2-400x300.jpg 400w, https:\/\/blog.elpuig.xeill.net\/wp-content\/uploads\/2014\/05\/Institut_Puig_Castellar_Santa_Coloma_de_Gramanet_2.jpg 800w\" sizes=\"(max-width: 300px) 100vw, 300px\" \/><\/a><\/p>\n<p>&nbsp;<\/p>\n","protected":false},"excerpt":{"rendered":"<p>A Nig\u00e8ria, el pa\u00eds m\u00e9s poblat (170 milions d&#8217;habitants) i m\u00e9s ric d&#8217;\u00c0frica gr\u00e0cies al petroli, nom\u00e9s el 44% de les nenes estan escolaritzades i moltes de les alumnes escolaritzades i de les seves fam\u00edlies, sobretot al nord del pa\u00eds, &hellip; <a href=\"https:\/\/blog.elpuig.xeill.net\/?p=1441\">Continua llegint <span class=\"meta-nav\">&rarr;<\/span><\/a><\/p>\n","protected":false},"author":2,"featured_media":0,"comment_status":"open","ping_status":"open","sticky":false,"template":"","format":"standard","meta":[],"categories":[177],"tags":[176,175],"_links":{"self":[{"href":"https:\/\/blog.elpuig.xeill.net\/index.php?rest_route=\/wp\/v2\/posts\/1441"}],"collection":[{"href":"https:\/\/blog.elpuig.xeill.net\/index.php?rest_route=\/wp\/v2\/posts"}],"about":[{"href":"https:\/\/blog.elpuig.xeill.net\/index.php?rest_route=\/wp\/v2\/types\/post"}],"author":[{"embeddable":true,"href":"https:\/\/blog.elpuig.xeill.net\/index.php?rest_route=\/wp\/v2\/users\/2"}],"replies":[{"embeddable":true,"href":"https:\/\/blog.elpuig.xeill.net\/index.php?rest_route=%2Fwp%2Fv2%2Fcomments&post=1441"}],"version-history":[{"count":7,"href":"https:\/\/blog.elpuig.xeill.net\/index.php?rest_route=\/wp\/v2\/posts\/1441\/revisions"}],"predecessor-version":[{"id":1453,"href":"https:\/\/blog.elpuig.xeill.net\/index.php?rest_route=\/wp\/v2\/posts\/1441\/revisions\/1453"}],"wp:attachment":[{"href":"https:\/\/blog.elpuig.xeill.net\/index.php?rest_route=%2Fwp%2Fv2%2Fmedia&parent=1441"}],"wp:term":[{"taxonomy":"category","embeddable":true,"href":"https:\/\/blog.elpuig.xeill.net\/index.php?rest_route=%2Fwp%2Fv2%2Fcategories&post=1441"},{"taxonomy":"post_tag","embeddable":true,"href":"https:\/\/blog.elpuig.xeill.net\/index.php?rest_route=%2Fwp%2Fv2%2Ftags&post=1441"}],"curies":[{"name":"wp","href":"https:\/\/api.w.org\/{rel}","templated":true}]}}