{"id":1408,"date":"2014-03-28T00:15:14","date_gmt":"2014-03-27T22:15:14","guid":{"rendered":"http:\/\/blog.elpuig.xeill.net\/?p=1408"},"modified":"2014-03-29T22:37:58","modified_gmt":"2014-03-29T20:37:58","slug":"45e-aniversari-del-puig-castellar","status":"publish","type":"post","link":"https:\/\/blog.elpuig.xeill.net\/?p=1408","title":{"rendered":"45\u00e8 aniversari del Puig Castellar"},"content":{"rendered":"<p>El nostre institut sempre ha tingut la voluntat de crear lla\u00e7os, \u00a0de fer\u00a0<em>fam\u00edlia\u00a0<\/em>entre totes les persones que l&#8217;han fet seu al llarg dels anys. Per aquest motiu, des del moment de la seva inauguraci\u00f3 al 1968 fins ara, s&#8217;han vingut organitzant peri\u00f2dicament diverses trobades per aplegar alumnes, ex alumnes, professors, ex professors, pares, mares i amics en general, i donar aix\u00ed a tothom l&#8217;oportunitat de mantenir vius els vincles entre ells i amb la resta de la comunitat. Si repassem, per exemple, nom\u00e9s les convocat\u00f2ries d&#8217;aquest tipus de reunions (deixant de banda comiats, festivals, jubilacions, etc.), ens trobarem documents com els seg\u00fcents.<\/p>\n<ul>\n<li>Trobada de companys de curs (1975):<\/li>\n<\/ul>\n<div><a href=\"http:\/\/blog.elpuig.xeill.net\/wp-content\/uploads\/2014\/03\/1975.jpg\"><img loading=\"lazy\" class=\"aligncenter size-medium wp-image-1413\" title=\"1975\" src=\"http:\/\/blog.elpuig.xeill.net\/wp-content\/uploads\/2014\/03\/1975-241x300.jpg\" alt=\"\" width=\"241\" height=\"300\" srcset=\"https:\/\/blog.elpuig.xeill.net\/wp-content\/uploads\/2014\/03\/1975-241x300.jpg 241w, https:\/\/blog.elpuig.xeill.net\/wp-content\/uploads\/2014\/03\/1975-825x1024.jpg 825w, https:\/\/blog.elpuig.xeill.net\/wp-content\/uploads\/2014\/03\/1975.jpg 1246w\" sizes=\"(max-width: 241px) 100vw, 241px\" \/><\/a><\/div>\n<ul>\n<li>Trobada del 15\u00e8 aniversari (1983):<\/li>\n<\/ul>\n<div><a href=\"http:\/\/blog.elpuig.xeill.net\/wp-content\/uploads\/2014\/03\/15\u00e8-aniversari.jpg\"><img loading=\"lazy\" class=\"aligncenter size-medium wp-image-1412\" title=\"15\u00e8 aniversari\" src=\"http:\/\/blog.elpuig.xeill.net\/wp-content\/uploads\/2014\/03\/15\u00e8-aniversari-300x229.jpg\" alt=\"\" width=\"300\" height=\"229\" srcset=\"https:\/\/blog.elpuig.xeill.net\/wp-content\/uploads\/2014\/03\/15\u00e8-aniversari-300x229.jpg 300w, https:\/\/blog.elpuig.xeill.net\/wp-content\/uploads\/2014\/03\/15\u00e8-aniversari-1024x784.jpg 1024w, https:\/\/blog.elpuig.xeill.net\/wp-content\/uploads\/2014\/03\/15\u00e8-aniversari-391x300.jpg 391w, https:\/\/blog.elpuig.xeill.net\/wp-content\/uploads\/2014\/03\/15\u00e8-aniversari.jpg 1253w\" sizes=\"(max-width: 300px) 100vw, 300px\" \/><\/a><\/div>\n<ul>\n<li>Trobada del 20\u00e8 aniversari (1989):<\/li>\n<\/ul>\n<div><a href=\"http:\/\/blog.elpuig.xeill.net\/wp-content\/uploads\/2014\/03\/20-aniversari.jpg\"><img loading=\"lazy\" class=\"aligncenter size-medium wp-image-1414\" title=\"20 aniversari\" src=\"http:\/\/blog.elpuig.xeill.net\/wp-content\/uploads\/2014\/03\/20-aniversari-236x300.jpg\" alt=\"\" width=\"236\" height=\"300\" srcset=\"https:\/\/blog.elpuig.xeill.net\/wp-content\/uploads\/2014\/03\/20-aniversari-236x300.jpg 236w, https:\/\/blog.elpuig.xeill.net\/wp-content\/uploads\/2014\/03\/20-aniversari-806x1024.jpg 806w, https:\/\/blog.elpuig.xeill.net\/wp-content\/uploads\/2014\/03\/20-aniversari.jpg 1301w\" sizes=\"(max-width: 236px) 100vw, 236px\" \/><\/a><\/div>\n<div>\n<ul>\n<li><a title=\"25\u00e8 aniversari\" href=\"http:\/\/elpuig.xeill.net\/el-centre\/institut\/folder.2005-12-15.9428378893\">Trobada del 25\u00e8 aniversari (1994)<\/a>:<\/li>\n<\/ul>\n<\/div>\n<div><a href=\"http:\/\/blog.elpuig.xeill.net\/wp-content\/uploads\/2014\/03\/25\u00e8-aniversari.jpg\"><img loading=\"lazy\" class=\"aligncenter size-medium wp-image-1415\" title=\"25\u00e8 aniversari\" src=\"http:\/\/blog.elpuig.xeill.net\/wp-content\/uploads\/2014\/03\/25\u00e8-aniversari-300x228.jpg\" alt=\"\" width=\"300\" height=\"228\" srcset=\"https:\/\/blog.elpuig.xeill.net\/wp-content\/uploads\/2014\/03\/25\u00e8-aniversari-300x228.jpg 300w, https:\/\/blog.elpuig.xeill.net\/wp-content\/uploads\/2014\/03\/25\u00e8-aniversari-1024x779.jpg 1024w, https:\/\/blog.elpuig.xeill.net\/wp-content\/uploads\/2014\/03\/25\u00e8-aniversari-394x300.jpg 394w, https:\/\/blog.elpuig.xeill.net\/wp-content\/uploads\/2014\/03\/25\u00e8-aniversari.jpg 1578w\" sizes=\"(max-width: 300px) 100vw, 300px\" \/><\/a><\/div>\n<div>\n<ul>\n<li><a title=\"40\u00e8 aniversari\" href=\"http:\/\/elpuig.xeill.net\/el-centre\/institut\/40e-aniversari-de-linstitut-puig-castellar-1\">Trobada del 40\u00e8 aniversari (2008)<\/a>:<\/li>\n<\/ul>\n<div><a href=\"http:\/\/blog.elpuig.xeill.net\/wp-content\/uploads\/2014\/03\/40\u00e8-aniversari.jpg\"><img loading=\"lazy\" class=\"aligncenter size-medium wp-image-1416\" title=\"40\u00e8 aniversari\" src=\"http:\/\/blog.elpuig.xeill.net\/wp-content\/uploads\/2014\/03\/40\u00e8-aniversari-300x211.jpg\" alt=\"\" width=\"300\" height=\"211\" srcset=\"https:\/\/blog.elpuig.xeill.net\/wp-content\/uploads\/2014\/03\/40\u00e8-aniversari-300x211.jpg 300w, https:\/\/blog.elpuig.xeill.net\/wp-content\/uploads\/2014\/03\/40\u00e8-aniversari-1024x721.jpg 1024w, https:\/\/blog.elpuig.xeill.net\/wp-content\/uploads\/2014\/03\/40\u00e8-aniversari-425x300.jpg 425w, https:\/\/blog.elpuig.xeill.net\/wp-content\/uploads\/2014\/03\/40\u00e8-aniversari.jpg 1163w\" sizes=\"(max-width: 300px) 100vw, 300px\" \/><\/a><\/div>\n<\/div>\n<ul>\n<li>I ara, amb motiu dels 45 anys del nostre institut, un cop m\u00e9s tenim l&#8217;oportunitat de tornar a rec\u00f2rrer les seves instal\u00b7lacions, de recuperar part del nostre passat i de retrobar-nos amb els professors, companys i amics que potser no hem tornat a veure des de fa temps:<\/li>\n<\/ul>\n<p><a href=\"http:\/\/blog.elpuig.xeill.net\/wp-content\/uploads\/2014\/03\/45\u00e8-aniversari-del-Puig-Castellar.jpg\"><img loading=\"lazy\" class=\"aligncenter size-medium wp-image-1409\" title=\"45\u00e8 aniversari del Puig Castellar\" src=\"http:\/\/blog.elpuig.xeill.net\/wp-content\/uploads\/2014\/03\/45\u00e8-aniversari-del-Puig-Castellar-300x220.jpg\" alt=\"\" width=\"300\" height=\"220\" srcset=\"https:\/\/blog.elpuig.xeill.net\/wp-content\/uploads\/2014\/03\/45\u00e8-aniversari-del-Puig-Castellar-300x220.jpg 300w, https:\/\/blog.elpuig.xeill.net\/wp-content\/uploads\/2014\/03\/45\u00e8-aniversari-del-Puig-Castellar-1024x753.jpg 1024w, https:\/\/blog.elpuig.xeill.net\/wp-content\/uploads\/2014\/03\/45\u00e8-aniversari-del-Puig-Castellar-407x300.jpg 407w, https:\/\/blog.elpuig.xeill.net\/wp-content\/uploads\/2014\/03\/45\u00e8-aniversari-del-Puig-Castellar.jpg 1912w\" sizes=\"(max-width: 300px) 100vw, 300px\" \/><\/a><\/p>\n<p>Efectivament, <a title=\"45\u00e8 aniversari del Puig Castellar\" href=\"http:\/\/elpuig.xeill.net\/el-centre\/noticies\/2013-2014\/trobem-nos-per-celebrar-els-45-anys-del-puig-castellar?searchterm=45%C3%A8+anive\">el proper 30 de maig (divendres) celebrarem el 45\u00e8 aniversari de l&#8217;Institut<\/a>\u00a0a partir de les 18.30 h. \u00a0La celebraci\u00f3 consistir\u00e0, diu la convocat\u00f2ria, en &#8220;un acte amb m\u00fasica, poemes, intervencions, etc., seguit d&#8217;un piscolabis a les 20.30 h&#8221;.<\/p>\n<p>Abans, per\u00f2, cal que divulguem aquesta informaci\u00f3 entre amics i coneguts i que les persones interessades confirmin la seva assist\u00e8ncia a l&#8217;adre\u00e7a de l&#8217;AMPA:<\/p>\n<p style=\"text-align: center;\"><a href=\"ampa@iespuigcastellar.xeill.net\">ampa@iespuigcastellar.xeill.net<\/a><\/p>\n<p>&#8230;o al seu facebook (AMPA Puig Castellar).<\/p>\n<p>A m\u00e9s a m\u00e9s, &#8220;com que volem muntar una exposici\u00f3 sobre la hist\u00f2ria de l&#8217;institut, us animem a enviar-nos fotos, fotoc\u00f2pies de notes, llibres de text apreciats, revistes, treballs manuals o acad\u00e8mics, caricatures, etc.&#8221;, i a l&#8217;adre\u00e7a indicada o a aquest mateix blog comentaris que expliquin an\u00e8cdotes, impressions o records vinculats al Puig.<\/p>\n<p>Us hi esperem el 30 de maig i, a partir d&#8217;ara, els vostres records. Gr\u00e0cies per la vostra participaci\u00f3.<\/p>\n<p>&nbsp;<\/p>\n","protected":false},"excerpt":{"rendered":"<p>El nostre institut sempre ha tingut la voluntat de crear lla\u00e7os, \u00a0de fer\u00a0fam\u00edlia\u00a0entre totes les persones que l&#8217;han fet seu al llarg dels anys. Per aquest motiu, des del moment de la seva inauguraci\u00f3 al 1968 fins ara, s&#8217;han vingut &hellip; <a href=\"https:\/\/blog.elpuig.xeill.net\/?p=1408\">Continua llegint <span class=\"meta-nav\">&rarr;<\/span><\/a><\/p>\n","protected":false},"author":2,"featured_media":0,"comment_status":"open","ping_status":"open","sticky":false,"template":"","format":"standard","meta":[],"categories":[168],"tags":[169],"_links":{"self":[{"href":"https:\/\/blog.elpuig.xeill.net\/index.php?rest_route=\/wp\/v2\/posts\/1408"}],"collection":[{"href":"https:\/\/blog.elpuig.xeill.net\/index.php?rest_route=\/wp\/v2\/posts"}],"about":[{"href":"https:\/\/blog.elpuig.xeill.net\/index.php?rest_route=\/wp\/v2\/types\/post"}],"author":[{"embeddable":true,"href":"https:\/\/blog.elpuig.xeill.net\/index.php?rest_route=\/wp\/v2\/users\/2"}],"replies":[{"embeddable":true,"href":"https:\/\/blog.elpuig.xeill.net\/index.php?rest_route=%2Fwp%2Fv2%2Fcomments&post=1408"}],"version-history":[{"count":11,"href":"https:\/\/blog.elpuig.xeill.net\/index.php?rest_route=\/wp\/v2\/posts\/1408\/revisions"}],"predecessor-version":[{"id":1418,"href":"https:\/\/blog.elpuig.xeill.net\/index.php?rest_route=\/wp\/v2\/posts\/1408\/revisions\/1418"}],"wp:attachment":[{"href":"https:\/\/blog.elpuig.xeill.net\/index.php?rest_route=%2Fwp%2Fv2%2Fmedia&parent=1408"}],"wp:term":[{"taxonomy":"category","embeddable":true,"href":"https:\/\/blog.elpuig.xeill.net\/index.php?rest_route=%2Fwp%2Fv2%2Fcategories&post=1408"},{"taxonomy":"post_tag","embeddable":true,"href":"https:\/\/blog.elpuig.xeill.net\/index.php?rest_route=%2Fwp%2Fv2%2Ftags&post=1408"}],"curies":[{"name":"wp","href":"https:\/\/api.w.org\/{rel}","templated":true}]}}