{"id":1315,"date":"2014-01-10T19:27:24","date_gmt":"2014-01-10T17:27:24","guid":{"rendered":"http:\/\/blog.elpuig.xeill.net\/?p=1315"},"modified":"2014-01-26T18:47:15","modified_gmt":"2014-01-26T16:47:15","slug":"se-puede-mucho-juntos","status":"publish","type":"post","link":"https:\/\/blog.elpuig.xeill.net\/?p=1315","title":{"rendered":"Se puede mucho juntos"},"content":{"rendered":"<p>Desde <a title=\"Arist\u00f3teles\" href=\"http:\/\/es.wikipedia.org\/wiki\/Arist%C3%B3teles\">Arist\u00f3teles<\/a> sabemos que el ser humano es un animal pol\u00edtico porque por su dimensi\u00f3n social necesita vivir en la <em><a title=\"Polis\" href=\"http:\/\/es.wikipedia.org\/wiki\/Polis\">polis<\/a><\/em>\u00a0(palabra griega que\u00a0significa ciudad), es decir, en comunidades o sociedades organizadas con otros seres humanos para la colaboraci\u00f3n y el intercambio mutuo. Los seres humanos no podemos perder esa dimensi\u00f3n social y pol\u00edtica sin dejar de ser humanos. Y sin embargo, algunas personas, sin pensarlo bien, creen que s\u00ed, que pueden desentenderse de algunos aspectos de esa dimensi\u00f3n: &#8220;Yo soy apol\u00edtico: a m\u00ed no me interesa la pol\u00edtica&#8221;, pueden llegar a decir ingenuamente refiri\u00e9ndose a un significado parcial de la palabra <em>pol\u00edtica<\/em>. A esas personas convendr\u00eda recordarles una idea que, seg\u00fan parece, populariz\u00f3 el actor franc\u00e9s <a title=\"Yves Montand\" href=\"http:\/\/es.wikipedia.org\/wiki\/Yves_Montand\">Yves Montand<\/a>: &#8220;Aunque t\u00fa no te ocupes de la pol\u00edtica, la pol\u00edtica se ocupar\u00e1 de ti&#8221;. Esto significa que si t\u00fa no te interesas por los asuntos p\u00fablicos ni participas de ning\u00fan modo en la vida social de tu comunidad y dejas todas las decisiones en manos de los pol\u00edticos profesionales, puede ocurrir que estos, para favorecer determinados intereses privados, tomen decisiones que vayan en tu perjuicio, por ejemplo y sin ir demasiado lejos, recortando los presupuestos destinados a educaci\u00f3n, sanidad y a otros servicios p\u00fablicos o aprobando leyes regresivas como la de Educaci\u00f3n (por no hablar de las leyes laborales que consagran el trabajo precario ni de la de seguridad ciudadana que limita el ejercicio de los derechos de manifestaci\u00f3n, ni del anteproyecto de ley de aborto que restringe los derechos de la mujer, etc.).<\/p>\n<p>Ha habido \u00e9pocas o momentos hist\u00f3ricos en que los estudiantes han sido muy conscientes como colectivo de la necesidad de reflexionar en profundidad y de discutir p\u00fablicamente asuntos de inter\u00e9s general y, de manera especial, aquellos asuntos referidos a las pol\u00edticas educativas. Incluso, a veces, ideas que nacieron en el seno de asambleas estudiantiles contribuyeron a cambiar el mundo en muchos sentidos, no s\u00f3lo ideol\u00f3gicamente sino tambi\u00e9n en la pr\u00e1ctica. No hablaremos ahora de lo que signific\u00f3 <a title=\"Mayo del 68\" href=\"http:\/\/es.wikipedia.org\/wiki\/Mayo_del_68\">Mayo del 68<\/a>, por ejemplo, aunque muchos alumnos que frecuentan este blog conocen algunas de las consecuencias de aquel movimiento y recuerdan algunos lemas nacidos entonces (&#8220;Prohibido prohibir&#8221;, &#8220;La imaginaci\u00f3n al poder&#8221;, &#8220;Sean realistas: pidan lo imposible&#8221;, &#8220;Un pensamiento que se estanca es un pensamiento que se pudre&#8221;, etc.). Sea como sea, tambi\u00e9n en nuestros tiempos muchos j\u00f3venes manifiestan sus inquietudes pol\u00edticas y su indignaci\u00f3n (recordemos el <a title=\"Movimiento 15-M\" href=\"http:\/\/es.wikipedia.org\/wiki\/15-M\">Movimiento 15-M<\/a>, en el que tanta participaci\u00f3n tuvieron los estudiantes), pues muchos de ellos saben perfectamente que &#8220;quien no es revolucionario a los 20 a\u00f1os no tiene coraz\u00f3n&#8221; (<a title=\"Oscar Wilde\" href=\"http:\/\/es.wikipedia.org\/wiki\/Oscar_Wilde\">Oscar Wilde<\/a>) y otros, aunque no sean revolucionarios, no quieren limitarse a dejar el mundo tal como lo encontraron. Unos y otros, en fin, parecen aplicar la m\u00e1xima de la Confederaci\u00f3n de Trabajadores Cubanos: <em>Se puede mucho juntos<\/em>.<\/p>\n<p><iframe width=\"584\" height=\"329\" src=\"http:\/\/www.youtube.com\/embed\/uBEN4lfcWos?feature=oembed\" frameborder=\"0\" allowfullscreen><\/iframe><\/p>\n<p>&#8230;Y precisamente en esa frase hemos pensado cuando hemos visto este v\u00eddeo que, con el t\u00edtulo de <em>El Gran Poder<\/em>, David S. Murga, alumno de 1\u00ba de bachillerato, ha realizado con la colaboraci\u00f3n de otros compa\u00f1eros del instituto y nos ha enviado con la petici\u00f3n de que lo insertemos en el blog. Porque no se resignan, porque no se conforman, David y muchos otros estudiantes quieren impulsar el debate, reflexionar sobre cuestiones de inter\u00e9s com\u00fan y defender la escuela p\u00fablica de todos los que por no considerarla prioritaria ni creer en ella tratan de socavar su futuro.<\/p>\n<div>\n<div id=\":1c2\">\n<div id=\":1bz\">\n<div>Es verdad que en este blog ya hemos publicado otras entradas sobre este mismo tema (por ejemplo, <a title=\"Contra les retallades a l'ensenyament p\u00fablic\" href=\"http:\/\/blog.elpuig.xeill.net\/?p=823\">Contra les retallades a l&#8217;ensenyament p\u00fablic<\/a> i <a title=\"Campanya en defensa de l'educaci\u00f3 p\u00fablica\" href=\"http:\/\/blog.elpuig.xeill.net\/?p=775\">Campannya en defensa de l&#8217;educaci\u00f3 p\u00fablica<\/a>), pero la pol\u00edtica de recortes y las leyes restrictivas contin\u00faan, por lo que aunque ciertas ideas cr\u00edticas se hayan repetido muchas veces conviene refrescarlas y repetirlas una vez m\u00e1s para que nadie las olvide y para que, como la gota que horada la piedra, consigan su efecto. Por eso ahora, sin m\u00e1s pre\u00e1mbulo, tienen la palabra en este debate quienes vean el v\u00eddeo y quienes quieran opinar sobre c\u00f3mo puede defenderse mejor la escuela p\u00fablica. Gracias por vuestra participaci\u00f3n.<\/div>\n<\/div>\n<div><\/div>\n<div><\/div>\n<\/div>\n<\/div>\n<div><\/div>\n<div><\/div>\n<div><\/div>\n","protected":false},"excerpt":{"rendered":"<p>Desde Arist\u00f3teles sabemos que el ser humano es un animal pol\u00edtico porque por su dimensi\u00f3n social necesita vivir en la polis\u00a0(palabra griega que\u00a0significa ciudad), es decir, en comunidades o sociedades organizadas con otros seres humanos para la colaboraci\u00f3n y el &hellip; <a href=\"https:\/\/blog.elpuig.xeill.net\/?p=1315\">Continua llegint <span class=\"meta-nav\">&rarr;<\/span><\/a><\/p>\n","protected":false},"author":2,"featured_media":0,"comment_status":"open","ping_status":"open","sticky":false,"template":"","format":"standard","meta":[],"categories":[125,42],"tags":[161,162],"_links":{"self":[{"href":"https:\/\/blog.elpuig.xeill.net\/index.php?rest_route=\/wp\/v2\/posts\/1315"}],"collection":[{"href":"https:\/\/blog.elpuig.xeill.net\/index.php?rest_route=\/wp\/v2\/posts"}],"about":[{"href":"https:\/\/blog.elpuig.xeill.net\/index.php?rest_route=\/wp\/v2\/types\/post"}],"author":[{"embeddable":true,"href":"https:\/\/blog.elpuig.xeill.net\/index.php?rest_route=\/wp\/v2\/users\/2"}],"replies":[{"embeddable":true,"href":"https:\/\/blog.elpuig.xeill.net\/index.php?rest_route=%2Fwp%2Fv2%2Fcomments&post=1315"}],"version-history":[{"count":25,"href":"https:\/\/blog.elpuig.xeill.net\/index.php?rest_route=\/wp\/v2\/posts\/1315\/revisions"}],"predecessor-version":[{"id":1355,"href":"https:\/\/blog.elpuig.xeill.net\/index.php?rest_route=\/wp\/v2\/posts\/1315\/revisions\/1355"}],"wp:attachment":[{"href":"https:\/\/blog.elpuig.xeill.net\/index.php?rest_route=%2Fwp%2Fv2%2Fmedia&parent=1315"}],"wp:term":[{"taxonomy":"category","embeddable":true,"href":"https:\/\/blog.elpuig.xeill.net\/index.php?rest_route=%2Fwp%2Fv2%2Fcategories&post=1315"},{"taxonomy":"post_tag","embeddable":true,"href":"https:\/\/blog.elpuig.xeill.net\/index.php?rest_route=%2Fwp%2Fv2%2Ftags&post=1315"}],"curies":[{"name":"wp","href":"https:\/\/api.w.org\/{rel}","templated":true}]}}