{"id":1273,"date":"2013-10-27T12:00:04","date_gmt":"2013-10-27T10:00:04","guid":{"rendered":"http:\/\/blog.elpuig.xeill.net\/?p=1273"},"modified":"2020-05-06T21:48:40","modified_gmt":"2020-05-06T19:48:40","slug":"el-extrano-caso-del-doctor-jekyll-y-el-senor-hyde","status":"publish","type":"post","link":"https:\/\/blog.elpuig.xeill.net\/?p=1273","title":{"rendered":"El extra\u00f1o caso del doctor Jekyll y el se\u00f1or Hyde"},"content":{"rendered":"<p><em>El pasado 23 de octubre, en la correspondiente sesi\u00f3n del <a title=\"Club de lectura\" href=\"http:\/\/elpuig.xeill.net\/Members\/institut\/curs-2013-2014\/club-de-lectura-1-joves\">club juvenil de lectura<\/a> de nuestro instituto, se coment\u00f3 la novela <\/em>El extra\u00f1o caso del doctor Jekyll y el se\u00f1or Hyde<em> de <a title=\"Robert Louis Stevenson\" href=\"http:\/\/es.wikipedia.org\/wiki\/Robert_Louis_Stevenson\">Robert Louis Stevenson<\/a>. Para todas las personas que no pudieron asistir a la sesi\u00f3n y, en general, para los lectores de este blog interesados en hablar de este libro o de alguno de los temas que plantea, David S. Murga, alumno de 1\u00ba de bachillerato, abre el debate con el comentario siguiente.<\/em><\/p>\n<p><strong>Dr. Jekyll &amp; Mr. Hyd<em>e<\/em><\/strong><\/p>\n<p style=\"text-align: right;\"><em>\u00a0 \u00a0 \u00a0 \u00a0 \u00a0 \u00a0 \u00a0 \u00a0 \u00a0 \u00a0 \u00a0 \u00a0 \u00a0 \u00a0 \u00a0 \u00a0 \u00a0 \u00a0 \u00a0 \u00a0 \u00a0 \u00a0 \u00a0 \u00a0 \u00a0 \u00a0 \u00a0 \u00a0 \u00a0 \u00a0 \u00a0Dijo Plat\u00f3n que los buenos son los que se contentan \u00a0 \u00a0 \u00a0 \u00a0 \u00a0 \u00a0 \u00a0 \u00a0 \u00a0 \u00a0 \u00a0 \u00a0 \u00a0 \u00a0 \u00a0 \u00a0 \u00a0 \u00a0 \u00a0 \u00a0 \u00a0 \u00a0 \u00a0 \u00a0 \u00a0 \u00a0 \u00a0 \u00a0 \u00a0 \u00a0con so\u00f1ar aquello que los malos hacen realidad.<\/em><\/p>\n<p style=\"text-align: right;\">Sigmund Freud<\/p>\n<p style=\"text-align: left;\">Qu\u00e9 tenebroso puede ser pensar en lo delicadas que son las l\u00edneas que marcan los l\u00edmites de nuestros pensamientos (\u00bfo, m\u00e1s bien, qu\u00e9 emocionante?). Y es que uno entra f\u00e1cilmente en conflicto con sus principios e ideales al cuestionar hasta d\u00f3nde somos capaces de llegar como seres humanos impulsivos. Abastecidos con una complejidad cerebral tan fascinante como destructiva.<\/p>\n<p>En <em>El extra\u00f1o caso del Dr. Jekyll y Mr. Hyde<\/em> de Robert Louis Stevenson se aborda con una singularidad extraordinaria esta poderosa cuesti\u00f3n: El bien y el mal, divididos pero juntos a la vez, luchando eternamente en lo profundo de nuestra conciencia.<\/p>\n<p>En medio de las oscuras calles del Londres de finales del siglo XIX, donde podr\u00edamos cruzarnos con renombrados detectives o misteriosos racimos de uvas, toma lugar una inesperada historia de misterio y terror que, a trav\u00e9s de la intuitiva perspectiva de un abogado, el Sr. Utterson, nos adentrar\u00e1 en el m\u00e1s insospechado de los argumentos. Siguiendo las extra\u00f1as pistas de dos enigm\u00e1ticos personajes, tan distintos el uno del otro como tan sospechosos entre s\u00ed: un doctor de medicina llamado Henry Jekyll y un inquietante hombrecillo; el se\u00f1or Edward Hyde.<\/p>\n<p><a href=\"http:\/\/blog.elpuig.xeill.net\/wp-content\/uploads\/2013\/10\/El-extra\u00f1o-caso-del-doctor-Jekill-y-el-se\u00f1or-Hyde1.jpg\"><img loading=\"lazy\" class=\"aligncenter size-full wp-image-1275\" title=\"El extra\u00f1o caso del doctor Jekill y el se\u00f1or Hyde\" src=\"http:\/\/blog.elpuig.xeill.net\/wp-content\/uploads\/2013\/10\/El-extra\u00f1o-caso-del-doctor-Jekill-y-el-se\u00f1or-Hyde1.jpg\" alt=\"\" width=\"183\" height=\"276\" \/><\/a><\/p>\n<p>En esta novela, con sus poderosas resonancias psicol\u00f3gicas, armaremos un rompecabezas de intriga que nos debelar\u00e1 al final la naturaleza humana debatida entre dos fuerzas complementarias, el bien y el mal. Y es que \u00e9stas habitan juntas y al mismo tiempo en todo ser humano. Habitan ca\u00f3ticamente en lo profundo de nuestra mente, de nuestra conciencia. Y se enfrentan con la intenci\u00f3n de dominar una sobre la otra. Esta idea tan osada radica en la obsesi\u00f3n asesina del Dr. Jekyll, quien acabar\u00eda por descubrir que, con la combinaci\u00f3n precisa de los ingredientes correctos, podr\u00edan separarse ambas fuerzas para hacer vencedora por fin a una de ellas y manifestarse en carne viva.<\/p>\n<p>Son poderosos los conceptos presentados en esta novela. Como cualquier obra maestra de terror psicol\u00f3gico, a su autor le rodean inquietantes sucesos que nos hacen relacionarle directamente con la obra. Y es que R. L. Stevenson, adem\u00e1s de, literalmente, so\u00f1ar su obra, impregn\u00f3 en ella la idea de que en todo ser humano habita un grado de maldad. No ser\u00eda demasiado osado pensar que \u00e9l mismo pudo cuestionarse alguna vez los l\u00edmites de sus pensamientos. \u00bfEs que nunca contemplar\u00edamos la idea de la maldad pura manifestada en nuestras acciones?<\/p>\n<p><a href=\"http:\/\/blog.elpuig.xeill.net\/wp-content\/uploads\/2013\/10\/Robert-Louis-Stevenson.jpg\"><img loading=\"lazy\" class=\"aligncenter size-thumbnail wp-image-1276\" title=\"Robert Louis Stevenson\" src=\"http:\/\/blog.elpuig.xeill.net\/wp-content\/uploads\/2013\/10\/Robert-Louis-Stevenson-150x150.jpg\" alt=\"\" width=\"150\" height=\"150\" \/><\/a>Entre otras cosas, Stevenson tambi\u00e9n implant\u00f3, sin saberlo, los principios de lo que ser\u00edan m\u00e1s tarde los conceptos b\u00e1sicos del padre del psicoan\u00e1lisis, <a title=\"Sigmund Freud\" href=\"http:\/\/es.wikipedia.org\/wiki\/Sigmund_Freud\">Sigmund Freud<\/a>, con su Ello, Yo y Supery\u00f3. La idea de que dentro de nuestra entidad cognitiva (la mente) habitan estas tres figuras.<a href=\"http:\/\/blog.elpuig.xeill.net\/wp-content\/uploads\/2013\/10\/S.-Freud.jpg\"><img loading=\"lazy\" class=\"aligncenter size-thumbnail wp-image-1282\" title=\"S. Freud\" src=\"http:\/\/blog.elpuig.xeill.net\/wp-content\/uploads\/2013\/10\/S.-Freud-150x150.jpg\" alt=\"\" width=\"150\" height=\"150\" \/><\/a><\/p>\n<p>La primera de ellas, el Ello, a\u00f1ora y resguarda todos nuestros deseos m\u00e1s atrevidos y primitivos. Mientras que la tercera, el Supery\u00f3, alberga nuestros principios morales y \u00e9ticos, los principios acordes a las normativas sociales adquiridas con \u00e9xito en la infancia. Y el Yo es el que modera entre ambas fuerzas.<\/p>\n<p>Sin duda encontramos una fuerte similitud entre estos conceptos y los conceptos de Stevenson sobre el bien y el mal, inscritos en nuestra conciencia, luchando entre s\u00ed.<br \/>\nSin duda, es \u00e9sta una novela intensa y emocionante que alberga constantes enigmas que hielan la sangre. Con un especial atractivo l\u00f3brego y, evidentemente, un fuerte contenido psicol\u00f3gico. Una novela para el Yo, que en alguna noche fr\u00eda, estando a solas en una rec\u00e1mara sombr\u00eda, puede contemplar dubitativamente a la otra gran fuerza que habita en su interior.<\/p>\n<p style=\"text-align: right;\">David S. Murga<\/p>\n","protected":false},"excerpt":{"rendered":"<p>El pasado 23 de octubre, en la correspondiente sesi\u00f3n del club juvenil de lectura de nuestro instituto, se coment\u00f3 la novela El extra\u00f1o caso del doctor Jekyll y el se\u00f1or Hyde de Robert Louis Stevenson. Para todas las personas que &hellip; <a href=\"https:\/\/blog.elpuig.xeill.net\/?p=1273\">Continua llegint <span class=\"meta-nav\">&rarr;<\/span><\/a><\/p>\n","protected":false},"author":2,"featured_media":0,"comment_status":"open","ping_status":"open","sticky":false,"template":"","format":"standard","meta":[],"categories":[60],"tags":[150,210,149,151],"_links":{"self":[{"href":"https:\/\/blog.elpuig.xeill.net\/index.php?rest_route=\/wp\/v2\/posts\/1273"}],"collection":[{"href":"https:\/\/blog.elpuig.xeill.net\/index.php?rest_route=\/wp\/v2\/posts"}],"about":[{"href":"https:\/\/blog.elpuig.xeill.net\/index.php?rest_route=\/wp\/v2\/types\/post"}],"author":[{"embeddable":true,"href":"https:\/\/blog.elpuig.xeill.net\/index.php?rest_route=\/wp\/v2\/users\/2"}],"replies":[{"embeddable":true,"href":"https:\/\/blog.elpuig.xeill.net\/index.php?rest_route=%2Fwp%2Fv2%2Fcomments&post=1273"}],"version-history":[{"count":11,"href":"https:\/\/blog.elpuig.xeill.net\/index.php?rest_route=\/wp\/v2\/posts\/1273\/revisions"}],"predecessor-version":[{"id":2857,"href":"https:\/\/blog.elpuig.xeill.net\/index.php?rest_route=\/wp\/v2\/posts\/1273\/revisions\/2857"}],"wp:attachment":[{"href":"https:\/\/blog.elpuig.xeill.net\/index.php?rest_route=%2Fwp%2Fv2%2Fmedia&parent=1273"}],"wp:term":[{"taxonomy":"category","embeddable":true,"href":"https:\/\/blog.elpuig.xeill.net\/index.php?rest_route=%2Fwp%2Fv2%2Fcategories&post=1273"},{"taxonomy":"post_tag","embeddable":true,"href":"https:\/\/blog.elpuig.xeill.net\/index.php?rest_route=%2Fwp%2Fv2%2Ftags&post=1273"}],"curies":[{"name":"wp","href":"https:\/\/api.w.org\/{rel}","templated":true}]}}