{"id":123,"date":"2011-10-25T17:03:54","date_gmt":"2011-10-25T15:03:54","guid":{"rendered":"http:\/\/blog.elpuig.xeill.net\/?p=123"},"modified":"2012-05-13T20:23:18","modified_gmt":"2012-05-13T18:23:18","slug":"reciclatge-de-mobils-per-protegir-els-ecosistemes-africans","status":"publish","type":"post","link":"https:\/\/blog.elpuig.xeill.net\/?p=123","title":{"rendered":"Reciclatge de m\u00f2bils per protegir els ecosistemes africans"},"content":{"rendered":"<p>A Espanya funcionen actualment m\u00e9s de 55.000.000 l\u00ednies de tel\u00e8fons m\u00f2bils per a poc m\u00e9s de 46 milions d&#8217;habitants. A aquest n\u00famero s&#8217;hi han d&#8217;afegir els m\u00f2bils m\u00e9s antics que moltes vegades no es reciclen i es llan\u00e7en a les escombraries. I qui diu el que passa a Espanya, diu el que passa a molts altres pa\u00efsos desenvolupats tecnol\u00f2gicament.<\/p>\n<p><a href=\"http:\/\/blog.elpuig.xeill.net\/wp-content\/uploads\/2011\/10\/Recollida-de-m%C3%B2bils.jpg\"><img loading=\"lazy\" class=\"alignnone size-medium wp-image-245 aligncenter\" title=\"Recollida de m\u00f2bils\" src=\"http:\/\/blog.elpuig.xeill.net\/wp-content\/uploads\/2011\/10\/Recollida-de-m%C3%B2bils-300x132.jpg\" alt=\"\" width=\"300\" height=\"132\" \/><\/a>Al mateix temps, l&#8217;explotaci\u00f3 del coltan, un valu\u00f3s mineral que fa possible la tecnologia dels m\u00f2bils, ordinadors, consoles&#8230;, \u00e9s al mig dels conflictes b\u00e8l\u00b7lics que produeixen milions de v\u00edctimes i refugiats a la Rep\u00fablica Democr\u00e0tica del Congo. La mineria il\u00b7legal per recollir aquest mineral fa treballar a nens en condicions de semiesclavisme i destrueix els h\u00e0bitats de moltes esp\u00e8cies com els ximpanz\u00e9s i els goril\u00b7les, animals en grau perill d&#8217;extinci\u00f3 degut a la ca\u00e7a furtiva i la deforestaci\u00f3.<\/p>\n<p>Vols saber com podem ajudar a reduir la demanda de coltan, lluitar contra l&#8217;explotaci\u00f3 infantil i reciclar i generar nous recursos per protegir aquests ecosistemes? Podem enviar m\u00f2bils en des\u00fas i contribuir a la<a href=\"http:\/\/www.movilizateporlaselva.org\/es\/\"> campanya de mobilitzaci\u00f3 de l&#8217;Institut Jane Goodall<\/a>, i si ho fem molts de nosaltres, podrem marcar una gran difer\u00e8ncia. Si vols comen\u00e7ar a unir-te a aquesta campanya, deixa aqu\u00ed els teus comentaris.<br \/>\n<big><strong><\/strong><\/big><\/p>\n<p>&nbsp;<\/p>\n","protected":false},"excerpt":{"rendered":"<p>A Espanya funcionen actualment m\u00e9s de 55.000.000 l\u00ednies de tel\u00e8fons m\u00f2bils per a poc m\u00e9s de 46 milions d&#8217;habitants. A aquest n\u00famero s&#8217;hi han d&#8217;afegir els m\u00f2bils m\u00e9s antics que moltes vegades no es reciclen i es llan\u00e7en a les &hellip; <a href=\"https:\/\/blog.elpuig.xeill.net\/?p=123\">Continua llegint <span class=\"meta-nav\">&rarr;<\/span><\/a><\/p>\n","protected":false},"author":2,"featured_media":0,"comment_status":"open","ping_status":"open","sticky":false,"template":"","format":"standard","meta":[],"categories":[11],"tags":[21],"_links":{"self":[{"href":"https:\/\/blog.elpuig.xeill.net\/index.php?rest_route=\/wp\/v2\/posts\/123"}],"collection":[{"href":"https:\/\/blog.elpuig.xeill.net\/index.php?rest_route=\/wp\/v2\/posts"}],"about":[{"href":"https:\/\/blog.elpuig.xeill.net\/index.php?rest_route=\/wp\/v2\/types\/post"}],"author":[{"embeddable":true,"href":"https:\/\/blog.elpuig.xeill.net\/index.php?rest_route=\/wp\/v2\/users\/2"}],"replies":[{"embeddable":true,"href":"https:\/\/blog.elpuig.xeill.net\/index.php?rest_route=%2Fwp%2Fv2%2Fcomments&post=123"}],"version-history":[{"count":9,"href":"https:\/\/blog.elpuig.xeill.net\/index.php?rest_route=\/wp\/v2\/posts\/123\/revisions"}],"predecessor-version":[{"id":712,"href":"https:\/\/blog.elpuig.xeill.net\/index.php?rest_route=\/wp\/v2\/posts\/123\/revisions\/712"}],"wp:attachment":[{"href":"https:\/\/blog.elpuig.xeill.net\/index.php?rest_route=%2Fwp%2Fv2%2Fmedia&parent=123"}],"wp:term":[{"taxonomy":"category","embeddable":true,"href":"https:\/\/blog.elpuig.xeill.net\/index.php?rest_route=%2Fwp%2Fv2%2Fcategories&post=123"},{"taxonomy":"post_tag","embeddable":true,"href":"https:\/\/blog.elpuig.xeill.net\/index.php?rest_route=%2Fwp%2Fv2%2Ftags&post=123"}],"curies":[{"name":"wp","href":"https:\/\/api.w.org\/{rel}","templated":true}]}}