{"id":1171,"date":"2013-05-15T00:04:19","date_gmt":"2013-05-14T22:04:19","guid":{"rendered":"http:\/\/blog.elpuig.xeill.net\/?p=1171"},"modified":"2020-05-06T21:50:00","modified_gmt":"2020-05-06T19:50:00","slug":"sant-jordi-2013","status":"publish","type":"post","link":"https:\/\/blog.elpuig.xeill.net\/?p=1171","title":{"rendered":"Sant Jordi 2013"},"content":{"rendered":"<p><em>L\u2019Abril \u00e9s el mes m\u00e9s cruel, fa sorgir<\/em><br \/>\n<em> Lil\u00e0s de la terra morta, barreja<\/em><br \/>\n<em> Record i desig, remou<\/em><br \/>\n<em> Les febles arrels amb la pluja primaveral.<\/em><br \/>\n<a title=\"T. S. Eliot\" href=\"http:\/\/ca.wikipedia.org\/wiki\/T._S._Eliot\"> T. S. Eliot, <em>The Waste Land<\/em><\/a><\/p>\n<p style=\"text-align: left;\">Un dels mites m\u00e9s sorprenents i emocionants del m\u00f3n antic \u00e9s el de Pers\u00e8fone, la deessa grega equivalent a la romana Pros\u00e8rpina. Pers\u00e8fone, filla de Zeus i de Dem\u00e8ter (deessa de l&#8217;agricultura i de la fertilitat), va ser segrestada quan era donzella per Hades, d\u00e9u dels inferns, que va endur-se-la al m\u00f3n subterrani dels morts i va esposar-se amb ella. Quan Zeus li va demanar a Hades que l&#8217;alliber\u00e9s i la deix\u00e9s tornar amb la seva mare, que havia quedat molt trasbalsada per la p\u00e8rdua de la seva filla, Pers\u00e8fone ja no podia tornar-hi perqu\u00e8 havia menjat sis grans d&#8217;una magrana, l&#8217;aliment dels morts. Finalment, Zeus i Hades van acordar que com Pers\u00e8fone havia menjat nom\u00e9s sis grans podria viure sis mesos cada any al m\u00f3n dels vius, amb la seva mare, i altres sis al m\u00f3n dels morts, amb el seu esp\u00f3s. I aix\u00ed \u00e9s com, a la primavera, Pers\u00e8fone torna a la vida durant sis mesos i fa viure totes les llavors, plantes i arbres que han estat en hibernaci\u00f3 durant els mesos anteriors. Per aquest motiu, Pers\u00e8fone \u00e9s un s\u00edmbol de la resurrecci\u00f3 i de la revitalitzaci\u00f3 d&#8217;all\u00f2 que ha estat latent i amagat durant un temps. Al m\u00f3n cristi\u00e0, en canvi, salvant les dist\u00e0ncies, s\u00f3n altres les creences i els s\u00edmbols de la regeneraci\u00f3: per exemple, la resurrecci\u00f3 de Crist i la llegenda de Sant Jordi (en aquest cas, en comptes del d\u00e9u Hades, seria el drac qui tindria segrestada a la donzella).<\/p>\n<p><a href=\"http:\/\/blog.elpuig.xeill.net\/wp-content\/uploads\/2013\/05\/Pers\u00e8fone.jpg\"><img loading=\"lazy\" class=\"aligncenter size-full wp-image-1172\" title=\"Pers\u00e8fone\" src=\"http:\/\/blog.elpuig.xeill.net\/wp-content\/uploads\/2013\/05\/Pers\u00e8fone.jpg\" alt=\"\" width=\"173\" height=\"292\" \/><\/a><\/p>\n<p>Creient que el despertar de la primavera moltes vegades comporta tamb\u00e9 un despertar dels sentits i de la inspiraci\u00f3 art\u00edstica, i com que a Catalunya fem coincidir la Diada de Sant Jordi amb el Dia del Llibre, \u00e9s costum convocar als centres d&#8217;ensenyament per aquestes dates concursos literaris i art\u00edstics per estimular que surti a l&#8217;exterior la creativitat i l&#8217;expressi\u00f3 art\u00edstica de cadasc\u00fa (hist\u00f2ries, poemes, imatges, somnis, reflexions, etc.).<\/p>\n<p><a href=\"http:\/\/blog.elpuig.xeill.net\/wp-content\/uploads\/2013\/05\/Sant-Jordi-2013.jpg\"><img loading=\"lazy\" class=\"aligncenter size-medium wp-image-1173\" title=\"Sant Jordi 2013\" src=\"http:\/\/blog.elpuig.xeill.net\/wp-content\/uploads\/2013\/05\/Sant-Jordi-2013-225x300.jpg\" alt=\"\" width=\"225\" height=\"300\" srcset=\"https:\/\/blog.elpuig.xeill.net\/wp-content\/uploads\/2013\/05\/Sant-Jordi-2013-225x300.jpg 225w, https:\/\/blog.elpuig.xeill.net\/wp-content\/uploads\/2013\/05\/Sant-Jordi-2013.jpg 300w\" sizes=\"(max-width: 225px) 100vw, 225px\" \/><\/a><\/p>\n<p>Al nostre institut, com no podia ser d&#8217;una altra manera, tamb\u00e9 es va celebrar el passat 23 d&#8217;abril la Diada de Sant Jordi, aquest any dedicada al poeta <a title=\"Salvador Espriu\" href=\"http:\/\/ca.wikipedia.org\/wiki\/Salvador_Espriu\">Salvador Espriu<\/a>, amb motiu del centenari del seu naixement. <a title=\"Cr\u00f2nica Sant Jordi 2013\" href=\"http:\/\/elpuig.xeill.net\/el-centre\/noticies\/2012-2013\/la-jornada-de-sant-jordi-2013\/index_html\">La cr\u00f2nica de la celebraci\u00f3 ja ha quedat reflectida a la nostra p\u00e0gina web<\/a>, per\u00f2 per si no l&#8217;heu llegida encara, us animem a fer-ho ara i, de pas, us donem els noms dels guanyadors de les diferents modalitats. (Tamb\u00e9 us recomanem\u00a0<a title=\"Edgar Allan Poe: El Cuervo\" href=\"http:\/\/www.youtube.com\/watch?v=W428YTsw6GQ\">veure el v\u00eddeo de David S. Murga<\/a>\u00a0amb la dramatitzaci\u00f3 del poema\u00a0<a title=\"El cuervo\" href=\"http:\/\/es.wikipedia.org\/wiki\/El_cuervo_(poema)\">&#8220;El cuervo&#8221;<\/a>, de l&#8217;escriptor nord-americ\u00e0\u00a0<a title=\"Edgar Allan Poe\" href=\"http:\/\/es.wikipedia.org\/wiki\/Edgar_Allan_Poe\">Edgar Allan Poe<\/a>.)\u00a0Quant als alumnes guardonats (els premis van ser patrocinats per l&#8217;AMPA), van ser els seg\u00fcents:<\/p>\n<p><strong>1r CICLE D\u2019ESO<\/strong>:<\/p>\n<ul>\n<li>1r Premi de poesia en catal\u00e0: \u201cQu\u00e8 penses a la nit?\u201d (Cristina Jim\u00e9nez Caballero, 2n D).<\/li>\n<li>1r Premi de poesia en castell\u00e0: \u201cEl Beso\u201d (Adri\u00e1n Rubio, 2n B).<\/li>\n<li>1r Premi de poesia en angl\u00e8s: \u201cAlice in Wonderland\u201d (Adri\u00e1n S\u00e1nchez, 2n D).<\/li>\n<li>1r Premi de narrativa en castell\u00e0: \u201cEl espantap\u00e1jaros de mi abuelo\u201d (Rub\u00e9n Santos Salda\u00f1a, 1r C).<\/li>\n<li>1r Premi de narrativa en catal\u00e0: \u00a0\u201cUna volta pels temps d\u2019avui dia\u201d (Andrea G\u00f3mez, 2n A).<\/li>\n<\/ul>\n<p><strong>Premis gr\u00e0fics:<\/strong><\/p>\n<ul>\n<li>Ventall:\u00a0Pablo Caballero (1r A).<\/li>\n<li>Punt de llibre:\u00a0Ruth Visier (1r C).<\/li>\n<li>Cartell:\u00a0Carol S\u00e1nchez (2n A ).<\/li>\n<li>C\u00f2mic:\u00a0Rub\u00e9n Santos (1r A).<\/li>\n<\/ul>\n<div><a href=\"http:\/\/blog.elpuig.xeill.net\/wp-content\/uploads\/2013\/05\/C\u00f2mic.jpg\"><img loading=\"lazy\" class=\"aligncenter size-full wp-image-1174\" title=\"C\u00f2mic\" src=\"http:\/\/blog.elpuig.xeill.net\/wp-content\/uploads\/2013\/05\/C\u00f2mic.jpg\" alt=\"\" width=\"166\" height=\"221\" \/><\/a><\/div>\n<p><strong>2n CICLE D\u2019ESO:<\/strong><\/p>\n<ul>\n<li>1r Premi de poesia en castell\u00e0: \u201cTodo sigue\u201d (Jia Wei Yang, 4t B).<\/li>\n<li>1r Premi de poesia en angl\u00e8s: \u00a0\u201cI love you\u201d (Alejandro Tabares i Judith Arcos, 4t D).<\/li>\n<li>1r Premi de poesia en catal\u00e0: \u201cAmor de xocolata\u201d (Mar\u00eda Rodr\u00edguez, 4t B).<\/li>\n<li>1r Premi de narrativa en castell\u00e0: \u201cEl hombre y lo eterno\u201d (David Murga, 4t B).<\/li>\n<li>1r Premi d\u2019articles d\u2019opini\u00f3: \u201cSobre les retallades\u201d (Guillermo Melench\u00f3n, 4t B).<\/li>\n<li>Acc\u00e8ssit al Premi d\u2019articles: \u00a0\u201cDe dietes, n\u2019hi ha de molts tipus\u201d (Irene Visier, 4t B)<\/li>\n<\/ul>\n<p><strong>Premis gr\u00e0fics:<\/strong><\/p>\n<ul>\n<li>Punt de llibre:\u00a0Omar Hnini (Aula d\u2019Acollida).<\/li>\n<\/ul>\n<p><strong>BATXILLERAT I CICLES PROFESSIONALS:<\/strong><\/p>\n<ul>\n<li>1r Premi de narrativa en castell\u00e0: \u201cEl llanto de la noche\u201d (Tania Rivero, 201).<\/li>\n<li>1r Premi d\u2019articles d\u2019opini\u00f3: \u201cIndepend\u00e8ncia?\u201d (David Criado, Batxillerat).<\/li>\n<\/ul>\n<p>Per acabar, com \u00e9s habitual al nostre blog, us encoratgem a donar ara les vostres opinions sobre els\u00a0<a title=\"Sant Jordi 2013\" href=\"http:\/\/elpuig.xeill.net\/el-centre\/noticies\/2012-2013\/la-jornada-de-sant-jordi-2013\/sant-jordi-2013-textos-premiats\">textos premiats<\/a>, sobre la dramatitzaci\u00f3 del poema d&#8217;Edgar A. Poe i, en general, sobre qualsevol aspecte de la celebraci\u00f3 de Sant Jordi al nostre institut. Gr\u00e0cies a tothom per la vostra participaci\u00f3.<\/p>\n<p>[Veure tamb\u00e9: Sant Jordi 2012 (a aquest mateix blog) i <a title=\"Sant Jordi a l'Institut Puig Castellar\" href=\"http:\/\/elpuig.xeill.net\/activitats\/activitats-extraescolars\/sant-jordi\">altres celebracions de cursos anteriors.<\/a>]<\/p>\n<p>&nbsp;<\/p>\n","protected":false},"excerpt":{"rendered":"<p>L\u2019Abril \u00e9s el mes m\u00e9s cruel, fa sorgir Lil\u00e0s de la terra morta, barreja Record i desig, remou Les febles arrels amb la pluja primaveral. T. S. Eliot, The Waste Land Un dels mites m\u00e9s sorprenents i emocionants del m\u00f3n &hellip; <a href=\"https:\/\/blog.elpuig.xeill.net\/?p=1171\">Continua llegint <span class=\"meta-nav\">&rarr;<\/span><\/a><\/p>\n","protected":false},"author":2,"featured_media":0,"comment_status":"open","ping_status":"open","sticky":false,"template":"","format":"standard","meta":[],"categories":[27,15,72,78],"tags":[138],"_links":{"self":[{"href":"https:\/\/blog.elpuig.xeill.net\/index.php?rest_route=\/wp\/v2\/posts\/1171"}],"collection":[{"href":"https:\/\/blog.elpuig.xeill.net\/index.php?rest_route=\/wp\/v2\/posts"}],"about":[{"href":"https:\/\/blog.elpuig.xeill.net\/index.php?rest_route=\/wp\/v2\/types\/post"}],"author":[{"embeddable":true,"href":"https:\/\/blog.elpuig.xeill.net\/index.php?rest_route=\/wp\/v2\/users\/2"}],"replies":[{"embeddable":true,"href":"https:\/\/blog.elpuig.xeill.net\/index.php?rest_route=%2Fwp%2Fv2%2Fcomments&post=1171"}],"version-history":[{"count":26,"href":"https:\/\/blog.elpuig.xeill.net\/index.php?rest_route=\/wp\/v2\/posts\/1171\/revisions"}],"predecessor-version":[{"id":2858,"href":"https:\/\/blog.elpuig.xeill.net\/index.php?rest_route=\/wp\/v2\/posts\/1171\/revisions\/2858"}],"wp:attachment":[{"href":"https:\/\/blog.elpuig.xeill.net\/index.php?rest_route=%2Fwp%2Fv2%2Fmedia&parent=1171"}],"wp:term":[{"taxonomy":"category","embeddable":true,"href":"https:\/\/blog.elpuig.xeill.net\/index.php?rest_route=%2Fwp%2Fv2%2Fcategories&post=1171"},{"taxonomy":"post_tag","embeddable":true,"href":"https:\/\/blog.elpuig.xeill.net\/index.php?rest_route=%2Fwp%2Fv2%2Ftags&post=1171"}],"curies":[{"name":"wp","href":"https:\/\/api.w.org\/{rel}","templated":true}]}}