{"id":1132,"date":"2013-03-10T11:29:25","date_gmt":"2013-03-10T09:29:25","guid":{"rendered":"http:\/\/blog.elpuig.xeill.net\/?p=1132"},"modified":"2025-11-24T22:02:55","modified_gmt":"2025-11-24T20:02:55","slug":"cub-de-charpentier","status":"publish","type":"post","link":"https:\/\/blog.elpuig.xeill.net\/?p=1132","title":{"rendered":"El cub de Charpentier"},"content":{"rendered":"<p>L&#8217;alumnat de la mat\u00e8ria d&#8217;Educaci\u00f3 Visual i Pl\u00e0stica de 4rt d&#8217;ESO ha construit un cub de Charpentier, dissenyat el 1785 per l&#8217;artista (gravador) i inventor franc\u00e8s\u00a0<a title=\"Jean Fran\u00e7ois Charpentier\" href=\"http:\/\/es.wikipedia.org\/wiki\/Fran%C3%A7ois_Philippe_Charpentier\">Fran\u00e7ois Philippe Charpentier<\/a>\u00a0(1734-1817):<\/p>\n<p><a href=\"http:\/\/blog.elpuig.xeill.net\/wp-content\/uploads\/2013\/03\/P1070458.jpg\"><img loading=\"lazy\" class=\"aligncenter size-medium wp-image-1133\" title=\"Cub de Charpentier\" src=\"http:\/\/blog.elpuig.xeill.net\/wp-content\/uploads\/2013\/03\/P1070458-300x225.jpg\" alt=\"\" width=\"300\" height=\"225\" srcset=\"https:\/\/blog.elpuig.xeill.net\/wp-content\/uploads\/2013\/03\/P1070458-300x225.jpg 300w, https:\/\/blog.elpuig.xeill.net\/wp-content\/uploads\/2013\/03\/P1070458-1024x768.jpg 1024w, https:\/\/blog.elpuig.xeill.net\/wp-content\/uploads\/2013\/03\/P1070458-400x300.jpg 400w, https:\/\/blog.elpuig.xeill.net\/wp-content\/uploads\/2013\/03\/P1070458.jpg 2048w\" sizes=\"(max-width: 300px) 100vw, 300px\" \/><\/a><\/p>\n<p>Aquest cub representa un sistema d&#8217;ordenaci\u00f3 dels colors conceptualment senzill i operativament \u00fatil. Est\u00e0 basat en els tres primaris (cian, magenta i groc) combinats amb blanc i negre. Mitjan\u00e7ant la t\u00e8cnica del\u00a0<em>gouache<\/em>\u00a0els\/les alumnes han pogut obtenir els principals matisos secundaris, terciaris, etc., i experimentar amb les dimensions del color: el to, la saturaci\u00f3 i la lluminositat.<\/p>\n<p><a href=\"http:\/\/blog.elpuig.xeill.net\/wp-content\/uploads\/2013\/03\/P1070471.jpg\"><img loading=\"lazy\" class=\"aligncenter size-medium wp-image-1135\" title=\"Cubs de Charpentier realitzats per alumnes de l'Institut Puig Castellar\" src=\"http:\/\/blog.elpuig.xeill.net\/wp-content\/uploads\/2013\/03\/P1070471-300x225.jpg\" alt=\"\" width=\"300\" height=\"225\" srcset=\"https:\/\/blog.elpuig.xeill.net\/wp-content\/uploads\/2013\/03\/P1070471-300x225.jpg 300w, https:\/\/blog.elpuig.xeill.net\/wp-content\/uploads\/2013\/03\/P1070471-1024x768.jpg 1024w, https:\/\/blog.elpuig.xeill.net\/wp-content\/uploads\/2013\/03\/P1070471-400x300.jpg 400w, https:\/\/blog.elpuig.xeill.net\/wp-content\/uploads\/2013\/03\/P1070471.jpg 2048w\" sizes=\"(max-width: 300px) 100vw, 300px\" \/><\/a><\/p>\n<p>Per dur-ho a terme han dividit les sis cares d&#8217;un cub en 25 quadrats cada una. Com que un cub t\u00e9 vuit v\u00e8rtex han situat el blanc i el negre en v\u00e8rtex oposats, els primaris cian, magenta i groc en tres v\u00e8rtrex no contigus i els secundaris verd, vermell i violeta en els restants. D&#8217;aquesta manera els colors m\u00e9s intensos (saturats), els m\u00e9s lluminosos i els m\u00e9s foscos s&#8217;han situat en la part exterior, i els m\u00e9s apagats (no saturats) en la part interior. A totes les arestes han pintat gradacions de cinc tons. Aix\u00ed han trobat quasi 100 matisos diferents!<\/p>\n<p>[Aquest cub, a m\u00e9s de ser una meravellosa composici\u00f3 est\u00e8tica de l&#8217;art de la precisi\u00f3 i del color i un gaudi per al sentit de la vista, t\u00e9 una gran utilitat pels pintors, restauradors i t\u00e8cnics, at\u00e8s que permet una medici\u00f3 molt exacta de les gradacions crom\u00e0tiques. Ara et toca a tu con\u00e8ixer-lo i comentar el que et suggereix i, com a m\u00ednim, donar l&#8217;enhorabona als companys de 4t per la seva construcci\u00f3.]<\/p>\n<p>Arnau Rodellar<br \/>\nDepartament de Dibuix<\/p>\n","protected":false},"excerpt":{"rendered":"<p>L&#8217;alumnat de la mat\u00e8ria d&#8217;Educaci\u00f3 Visual i Pl\u00e0stica de 4rt d&#8217;ESO ha construit un cub de Charpentier, dissenyat el 1785 per l&#8217;artista (gravador) i inventor franc\u00e8s\u00a0Fran\u00e7ois Philippe Charpentier\u00a0(1734-1817): Aquest cub representa un sistema d&#8217;ordenaci\u00f3 dels colors conceptualment senzill i operativament &hellip; <a href=\"https:\/\/blog.elpuig.xeill.net\/?p=1132\">Continua llegint <span class=\"meta-nav\">&rarr;<\/span><\/a><\/p>\n","protected":false},"author":2,"featured_media":0,"comment_status":"open","ping_status":"open","sticky":false,"template":"","format":"standard","meta":[],"categories":[133],"tags":[134],"_links":{"self":[{"href":"https:\/\/blog.elpuig.xeill.net\/index.php?rest_route=\/wp\/v2\/posts\/1132"}],"collection":[{"href":"https:\/\/blog.elpuig.xeill.net\/index.php?rest_route=\/wp\/v2\/posts"}],"about":[{"href":"https:\/\/blog.elpuig.xeill.net\/index.php?rest_route=\/wp\/v2\/types\/post"}],"author":[{"embeddable":true,"href":"https:\/\/blog.elpuig.xeill.net\/index.php?rest_route=\/wp\/v2\/users\/2"}],"replies":[{"embeddable":true,"href":"https:\/\/blog.elpuig.xeill.net\/index.php?rest_route=%2Fwp%2Fv2%2Fcomments&post=1132"}],"version-history":[{"count":9,"href":"https:\/\/blog.elpuig.xeill.net\/index.php?rest_route=\/wp\/v2\/posts\/1132\/revisions"}],"predecessor-version":[{"id":4408,"href":"https:\/\/blog.elpuig.xeill.net\/index.php?rest_route=\/wp\/v2\/posts\/1132\/revisions\/4408"}],"wp:attachment":[{"href":"https:\/\/blog.elpuig.xeill.net\/index.php?rest_route=%2Fwp%2Fv2%2Fmedia&parent=1132"}],"wp:term":[{"taxonomy":"category","embeddable":true,"href":"https:\/\/blog.elpuig.xeill.net\/index.php?rest_route=%2Fwp%2Fv2%2Fcategories&post=1132"},{"taxonomy":"post_tag","embeddable":true,"href":"https:\/\/blog.elpuig.xeill.net\/index.php?rest_route=%2Fwp%2Fv2%2Ftags&post=1132"}],"curies":[{"name":"wp","href":"https:\/\/api.w.org\/{rel}","templated":true}]}}