{"id":112,"date":"2011-10-19T19:36:41","date_gmt":"2011-10-19T17:36:41","guid":{"rendered":"http:\/\/blog.elpuig.xeill.net\/?p=112"},"modified":"2011-11-27T00:53:50","modified_gmt":"2011-11-26T22:53:50","slug":"questionari-per-a-joves-sobre-federico-moccia","status":"publish","type":"post","link":"https:\/\/blog.elpuig.xeill.net\/?p=112","title":{"rendered":"Q\u00fcestionari per a joves sobre Federico Moccia"},"content":{"rendered":"<p>Una alumna de 2n de batxillerat del nostre institut, Rebeca Pe\u00f1aranda, est\u00e0 fent un treball de recerca sobre el novel\u00b7lista Federico Moccia i ens ha demanat ajut per recollir en aquest blog les respostes que les persones que n&#8217;estiguin interessades puguin enviar-li.<\/p>\n<p style=\"text-align: center;\"><a href=\"http:\/\/blog.elpuig.xeill.net\/wp-content\/uploads\/2011\/10\/Scusa-ma-ti-chiamo-amore.jpg\"><img loading=\"lazy\" class=\"alignnone size-full wp-image-242\" title=\"Scusa ma ti chiamo amore\" src=\"http:\/\/blog.elpuig.xeill.net\/wp-content\/uploads\/2011\/10\/Scusa-ma-ti-chiamo-amore.jpg\" alt=\"\" width=\"184\" height=\"273\" \/><\/a><\/p>\n<p>Aqu\u00ed teniu la versi\u00f3 del q\u00fcestionari per a joves. Ara esperem les vostres respostes a les seves preguntes (gr\u00e0cies per avan\u00e7at per la vostra col\u00b7laboraci\u00f3).<\/p>\n<p lang=\"es-ES\"><span style=\"color: #000000;\"><span style=\"font-family: Times New Roman,serif;\">1. <span style=\"font-size: small;\">\u00bfConoces a Federico Moccia?<\/span><\/span><\/span><\/p>\n<p lang=\"es-ES\"><span style=\"color: #000000;\"><span style=\"font-family: Times New Roman,serif;\"><span style=\"font-size: small;\">2. Indica tres de sus obras<\/span><\/span><\/span><\/p>\n<p lang=\"es-ES\"><span style=\"color: #000000;\"><span style=\"font-family: Times New Roman,serif;\"><span style=\"font-size: small;\">3. \u00bfCu\u00e1ntas obras suyas has le\u00eddo? \u00bfCu\u00e1les?<\/span><\/span><\/span><\/p>\n<p lang=\"es-ES\"><span style=\"color: #000000;\"><span style=\"font-family: Times New Roman,serif;\"><span style=\"font-size: small;\">4. \u00bfCu\u00e1l de todas sus novelas es tu favorita?<\/span><\/span><\/span><\/p>\n<p lang=\"es-ES\"><span style=\"color: #000000;\"><span style=\"font-family: Times New Roman,serif;\"><span style=\"font-size: small;\">5. Explica por qu\u00e9 es \u00e9sa tu favorita y no otra.<\/span><\/span><\/span><\/p>\n<p lang=\"es-ES\"><span style=\"color: #000000;\"><span style=\"font-family: Times New Roman,serif;\"><span style=\"font-size: small;\">6. \u00bfA qu\u00e9 clase de lectores crees que van dirigidos sus libros?<\/span><\/span><\/span><\/p>\n<p lang=\"es-ES\"><span style=\"color: #000000;\"><span style=\"font-family: Times New Roman,serif;\"><span style=\"font-size: small;\">7. \u00bfQu\u00e9 crees que opinan de \u00e9l los adultos?<\/span><\/span><\/span><\/p>\n<p lang=\"es-ES\"><span style=\"color: #000000;\"><span style=\"font-family: Times New Roman,serif;\"><span style=\"font-size: small;\">8. \u00bfPor qu\u00e9 triunfa m\u00e1s entre los j\u00f3venes que entre los adultos?<\/span><\/span><\/span><\/p>\n<p lang=\"es-ES\"><span style=\"color: #000000;\"><span style=\"font-family: Times New Roman,serif;\"><span style=\"font-size: small;\">9. \u00bfCu\u00e1l crees qu\u00e9 es la clave de su \u00e9xito?<\/span><\/span><\/span><\/p>\n<p lang=\"es-ES\"><span style=\"color: #000000;\"><span style=\"font-family: Times New Roman,serif;\"><span style=\"font-size: small;\">10. \u00bfConoces alg\u00fan dato especial sobre el autor?<\/span><\/span><\/span><\/p>\n<p lang=\"es-ES\"><span style=\"color: #000000;\"><span style=\"font-family: Times New Roman,serif;\"><span style=\"font-size: small;\">11. \u00bfQu\u00e9 crees que tiene: m\u00e1s cr\u00edticas negativas o positivas?<\/span><\/span><\/span><\/p>\n<p lang=\"es-ES\">\n","protected":false},"excerpt":{"rendered":"<p>Una alumna de 2n de batxillerat del nostre institut, Rebeca Pe\u00f1aranda, est\u00e0 fent un treball de recerca sobre el novel\u00b7lista Federico Moccia i ens ha demanat ajut per recollir en aquest blog les respostes que les persones que n&#8217;estiguin interessades &hellip; <a href=\"https:\/\/blog.elpuig.xeill.net\/?p=112\">Continua llegint <span class=\"meta-nav\">&rarr;<\/span><\/a><\/p>\n","protected":false},"author":2,"featured_media":0,"comment_status":"open","ping_status":"open","sticky":false,"template":"","format":"standard","meta":[],"categories":[27],"tags":[18],"_links":{"self":[{"href":"https:\/\/blog.elpuig.xeill.net\/index.php?rest_route=\/wp\/v2\/posts\/112"}],"collection":[{"href":"https:\/\/blog.elpuig.xeill.net\/index.php?rest_route=\/wp\/v2\/posts"}],"about":[{"href":"https:\/\/blog.elpuig.xeill.net\/index.php?rest_route=\/wp\/v2\/types\/post"}],"author":[{"embeddable":true,"href":"https:\/\/blog.elpuig.xeill.net\/index.php?rest_route=\/wp\/v2\/users\/2"}],"replies":[{"embeddable":true,"href":"https:\/\/blog.elpuig.xeill.net\/index.php?rest_route=%2Fwp%2Fv2%2Fcomments&post=112"}],"version-history":[{"count":5,"href":"https:\/\/blog.elpuig.xeill.net\/index.php?rest_route=\/wp\/v2\/posts\/112\/revisions"}],"predecessor-version":[{"id":114,"href":"https:\/\/blog.elpuig.xeill.net\/index.php?rest_route=\/wp\/v2\/posts\/112\/revisions\/114"}],"wp:attachment":[{"href":"https:\/\/blog.elpuig.xeill.net\/index.php?rest_route=%2Fwp%2Fv2%2Fmedia&parent=112"}],"wp:term":[{"taxonomy":"category","embeddable":true,"href":"https:\/\/blog.elpuig.xeill.net\/index.php?rest_route=%2Fwp%2Fv2%2Fcategories&post=112"},{"taxonomy":"post_tag","embeddable":true,"href":"https:\/\/blog.elpuig.xeill.net\/index.php?rest_route=%2Fwp%2Fv2%2Ftags&post=112"}],"curies":[{"name":"wp","href":"https:\/\/api.w.org\/{rel}","templated":true}]}}