{"id":1106,"date":"2013-02-18T19:21:42","date_gmt":"2013-02-18T17:21:42","guid":{"rendered":"http:\/\/blog.elpuig.xeill.net\/?p=1106"},"modified":"2020-05-06T21:53:34","modified_gmt":"2020-05-06T19:53:34","slug":"carnaval-2013","status":"publish","type":"post","link":"https:\/\/blog.elpuig.xeill.net\/?p=1106","title":{"rendered":"Carnaval 2013"},"content":{"rendered":"<p>Fa uns dies, el 8 de febrer, divendres, vam celebrar el carnaval al nostre institut (aquest curs, com el passat, sota la coordinaci\u00f3 de la professora Belinda Le\u00f3n). Aquest dia vam tenir classe durant les dues primeres hores, fins a les 10 h, i despr\u00e9s vam tenir un temps (una hora) per acabar els preparatius: donar-nos un toc de maquillatge, fer una \u00faltima repassada a la disfressa i agrupar les comparses per a la primera part de la celebraci\u00f3, la desfilada davant dels membres del jurat.<\/p>\n<p><a href=\"http:\/\/blog.elpuig.xeill.net\/wp-content\/uploads\/2013\/02\/El-Circ-2013.jpg\"><img loading=\"lazy\" class=\"aligncenter size-medium wp-image-1109\" title=\"El Circ 2013\" src=\"http:\/\/blog.elpuig.xeill.net\/wp-content\/uploads\/2013\/02\/El-Circ-2013-300x198.jpg\" alt=\"\" width=\"300\" height=\"198\" srcset=\"https:\/\/blog.elpuig.xeill.net\/wp-content\/uploads\/2013\/02\/El-Circ-2013-300x198.jpg 300w, https:\/\/blog.elpuig.xeill.net\/wp-content\/uploads\/2013\/02\/El-Circ-2013-1024x679.jpg 1024w, https:\/\/blog.elpuig.xeill.net\/wp-content\/uploads\/2013\/02\/El-Circ-2013-452x300.jpg 452w\" sizes=\"(max-width: 300px) 100vw, 300px\" \/><\/a><\/p>\n<p>Els grups que van participar-hi van estar els seg\u00fcents: <strong>Zombis<\/strong> (alumnes de 1r A), <strong>Superherois<\/strong> (1r B), <strong>Obrers<\/strong> (1r C), <strong>Hippies<\/strong> (1r D), <strong>Aquells Meravellosos Anys<\/strong> (2n B), <strong>El Circ de 2n<\/strong> (2n C), <strong>El Circ de 3r<\/strong> (3r A), <strong>L&#8217;Ex\u00e8rcit<\/strong> (3r B), <strong><em>Els de la Yenka <\/em><\/strong>(3r D). Van guanyar el 1r premi (i, per conseg\u00fcent, l&#8217;entrada per anar a les bitlles que finan\u00e7ava l&#8217;AMPA) els de 2n B, amb el seu recorregut per la m\u00fasica popular des dels anys 60 del segle passat fins als nostres dies, i van quedar en segon lloc, els de 1r B i els de 2n C. S&#8217;ha de dir que la desfilada va estar animada per la m\u00fasica que controlaven Itziar Vico i Mohamed Ed Dounassi, tots dos alumnes de 4t, i que la instal\u00b7laci\u00f3 de l&#8217;equip havia estat realitzada per Oscar (professor d&#8217;inform\u00e0tica) i per Santi (manteniment). A tots ells hem d&#8217;agrair la seva feina, tan necess\u00e0ria a un espectacle com al carnaval.<\/p>\n<p><a href=\"http:\/\/blog.elpuig.xeill.net\/wp-content\/uploads\/2013\/02\/Alumnes-de-1r-de-batxillerat.jpg\"><img loading=\"lazy\" class=\"aligncenter size-medium wp-image-1108\" title=\"Alumnes de 1r de batxillerat\" src=\"http:\/\/blog.elpuig.xeill.net\/wp-content\/uploads\/2013\/02\/Alumnes-de-1r-de-batxillerat-300x198.jpg\" alt=\"\" width=\"300\" height=\"198\" srcset=\"https:\/\/blog.elpuig.xeill.net\/wp-content\/uploads\/2013\/02\/Alumnes-de-1r-de-batxillerat-300x198.jpg 300w, https:\/\/blog.elpuig.xeill.net\/wp-content\/uploads\/2013\/02\/Alumnes-de-1r-de-batxillerat-1024x679.jpg 1024w, https:\/\/blog.elpuig.xeill.net\/wp-content\/uploads\/2013\/02\/Alumnes-de-1r-de-batxillerat-452x300.jpg 452w\" sizes=\"(max-width: 300px) 100vw, 300px\" \/><\/a><\/p>\n<p>La segona part de la festa \u2014les actuacions a la sala d&#8217;actes\u2014 va estar a c\u00e0rrec dels alumnes de 4t (amb la col\u00b7laboraci\u00f3 del professor Gerard Falc\u00f3, qui va fer el muntatge del v\u00eddeo que es podria veure durant tot l&#8217;espectacle). L&#8217;argument o fil conductor d&#8217;aquest festival va estar inspirat en aquest cas en la gala de premis MTV fins convertir-se en un veritable MTV PUIG. Els presentadors de la gala van ser David Murga, Alba Sorlis i Laura Jim\u00e9nez.<\/p>\n<p><a href=\"http:\/\/blog.elpuig.xeill.net\/wp-content\/uploads\/2013\/02\/Grup-de-hip-hop.jpg\"><img loading=\"lazy\" class=\"aligncenter size-medium wp-image-1111\" title=\"Grup de hip hop\" src=\"http:\/\/blog.elpuig.xeill.net\/wp-content\/uploads\/2013\/02\/Grup-de-hip-hop-300x198.jpg\" alt=\"\" width=\"300\" height=\"198\" srcset=\"https:\/\/blog.elpuig.xeill.net\/wp-content\/uploads\/2013\/02\/Grup-de-hip-hop-300x198.jpg 300w, https:\/\/blog.elpuig.xeill.net\/wp-content\/uploads\/2013\/02\/Grup-de-hip-hop-1024x679.jpg 1024w, https:\/\/blog.elpuig.xeill.net\/wp-content\/uploads\/2013\/02\/Grup-de-hip-hop-452x300.jpg 452w\" sizes=\"(max-width: 300px) 100vw, 300px\" \/><\/a><\/p>\n<p>Va haver-hi actuacions de cantants extraordinaris i unes coreografies fant\u00e0stiques als n\u00fameros de ball. A veure si no ens n&#8217;oblidem de cap\u00a0(en el cas que alg\u00fa no es trobi, si us plau, que envi\u00ef un missatge a aquest blog i en farem la corresponent rectificaci\u00f3): ball de <strong>LMFAO<\/strong> (a c\u00e0rrec de Nadine i Fran), les can\u00e7ons d&#8217;<strong>ABBA<\/strong> (Belinda L., Belinda J., Imma i N\u00faria V.), <strong>Melody<\/strong> (Alexia, Noelia, Alba, Cristina i Lidia), <strong>Az\u00facar Moreno<\/strong> (Mar\u00eda), Rhiana i <strong>Nick i Minage<\/strong> (Celia i Nerea), <strong>Jessi Jane<\/strong> (Mireia), <strong>Mar\u00eda Isabel<\/strong> (Emma, Cristina i Lidia), <strong>Lady Gaga<\/strong> (Brian, Nadine i Fran), <strong>Marc Anthony<\/strong> (Pedro), <strong>Luis Fonsi<\/strong> (Joel), <strong>Ketchup\u00a0<\/strong>(Alexia, Alba i Laura), <strong>Spice Girl<\/strong> (Mar\u00eda), grup de <strong>hip hop<\/strong> de Marina, <strong>Aqua<\/strong> (Lidia i Cristian), <strong>Shakira i Beyonc\u00e9<\/strong> (Emma i Nazareth), <strong>Freddie Mercury i Montserrat Caball\u00e9<\/strong> a l&#8217;actuaci\u00f3 de les Olimpiades Barcelona 92 (David i Dolors).<\/p>\n<p><a href=\"http:\/\/blog.elpuig.xeill.net\/wp-content\/uploads\/2013\/02\/Actuaci\u00f3-de-David-M-i-Dolors-I.jpg\"><img loading=\"lazy\" class=\"aligncenter size-medium wp-image-1110\" title=\"Actuaci\u00f3 de David M i Dolors I\" src=\"http:\/\/blog.elpuig.xeill.net\/wp-content\/uploads\/2013\/02\/Actuaci\u00f3-de-David-M-i-Dolors-I-300x202.jpg\" alt=\"\" width=\"300\" height=\"202\" srcset=\"https:\/\/blog.elpuig.xeill.net\/wp-content\/uploads\/2013\/02\/Actuaci\u00f3-de-David-M-i-Dolors-I-300x202.jpg 300w, https:\/\/blog.elpuig.xeill.net\/wp-content\/uploads\/2013\/02\/Actuaci\u00f3-de-David-M-i-Dolors-I-1024x690.jpg 1024w, https:\/\/blog.elpuig.xeill.net\/wp-content\/uploads\/2013\/02\/Actuaci\u00f3-de-David-M-i-Dolors-I-444x300.jpg 444w, https:\/\/blog.elpuig.xeill.net\/wp-content\/uploads\/2013\/02\/Actuaci\u00f3-de-David-M-i-Dolors-I.jpg 1831w\" sizes=\"(max-width: 300px) 100vw, 300px\" \/><\/a><\/p>\n<p>Com veieu, el festival de carnaval va fer una altra vegada honor a la seva hist\u00f2ria, tant per la varietat com per la qualitat de totes les actuacions que van realitzar totes les persones, alumnes i professores, que van participar-hi. Ara us toca a vosaltres dir la vostra i comentar qu\u00e8 us va semblar tot plegat, tant el concurs de comparses, com el festival i la festa de carnaval en general. Gr\u00e0cies pels vostres comentaris.<\/p>\n<p>[<a title=\"Carnaval 2013\" href=\"http:\/\/www.youtube.com\/watch?feature=player_embedded&amp;v=2TtWe6SA610#!\">Veure video amb un reportatge del carnaval 2013<\/a>.]<\/p>\n","protected":false},"excerpt":{"rendered":"<p>Fa uns dies, el 8 de febrer, divendres, vam celebrar el carnaval al nostre institut (aquest curs, com el passat, sota la coordinaci\u00f3 de la professora Belinda Le\u00f3n). Aquest dia vam tenir classe durant les dues primeres hores, fins a &hellip; <a href=\"https:\/\/blog.elpuig.xeill.net\/?p=1106\">Continua llegint <span class=\"meta-nav\">&rarr;<\/span><\/a><\/p>\n","protected":false},"author":2,"featured_media":0,"comment_status":"open","ping_status":"open","sticky":false,"template":"","format":"standard","meta":[],"categories":[55,56,88],"tags":[131],"_links":{"self":[{"href":"https:\/\/blog.elpuig.xeill.net\/index.php?rest_route=\/wp\/v2\/posts\/1106"}],"collection":[{"href":"https:\/\/blog.elpuig.xeill.net\/index.php?rest_route=\/wp\/v2\/posts"}],"about":[{"href":"https:\/\/blog.elpuig.xeill.net\/index.php?rest_route=\/wp\/v2\/types\/post"}],"author":[{"embeddable":true,"href":"https:\/\/blog.elpuig.xeill.net\/index.php?rest_route=\/wp\/v2\/users\/2"}],"replies":[{"embeddable":true,"href":"https:\/\/blog.elpuig.xeill.net\/index.php?rest_route=%2Fwp%2Fv2%2Fcomments&post=1106"}],"version-history":[{"count":8,"href":"https:\/\/blog.elpuig.xeill.net\/index.php?rest_route=\/wp\/v2\/posts\/1106\/revisions"}],"predecessor-version":[{"id":2834,"href":"https:\/\/blog.elpuig.xeill.net\/index.php?rest_route=\/wp\/v2\/posts\/1106\/revisions\/2834"}],"wp:attachment":[{"href":"https:\/\/blog.elpuig.xeill.net\/index.php?rest_route=%2Fwp%2Fv2%2Fmedia&parent=1106"}],"wp:term":[{"taxonomy":"category","embeddable":true,"href":"https:\/\/blog.elpuig.xeill.net\/index.php?rest_route=%2Fwp%2Fv2%2Fcategories&post=1106"},{"taxonomy":"post_tag","embeddable":true,"href":"https:\/\/blog.elpuig.xeill.net\/index.php?rest_route=%2Fwp%2Fv2%2Ftags&post=1106"}],"curies":[{"name":"wp","href":"https:\/\/api.w.org\/{rel}","templated":true}]}}