{"id":1075,"date":"2013-02-03T21:21:27","date_gmt":"2013-02-03T19:21:27","guid":{"rendered":"http:\/\/blog.elpuig.xeill.net\/?p=1075"},"modified":"2020-05-06T21:56:32","modified_gmt":"2020-05-06T19:56:32","slug":"biblioteques-2","status":"publish","type":"post","link":"https:\/\/blog.elpuig.xeill.net\/?p=1075","title":{"rendered":"Biblioteques"},"content":{"rendered":"<p>Probablement heu anat algun cop a una biblioteca i heu fet \u00fas dels seus m\u00faltiples serveis&#8230; o no hi heu anat mai?<\/p>\n<p>Possiblement sabeu qu\u00e8 \u00e9s una biblioteca, quins serveis d\u00f3na, qu\u00e8 s&#8217;hi pot fer, quina utilitat t\u00e9 el carnet de biblioteques p\u00fabliques&#8230; o hi ha gent que no ho sap?<\/p>\n<p>Per\u00f2 coneixeu b\u00e9 les biblioteques m\u00e9s properes a vosaltres&#8230;? Ho podeu comprovar si continueu llegint.<\/p>\n<p><a href=\"http:\/\/blog.elpuig.xeill.net\/wp-content\/uploads\/2013\/02\/bibliotecas.jpg\"><img loading=\"lazy\" class=\"aligncenter size-medium wp-image-1076\" title=\"Biblioteca\" src=\"http:\/\/blog.elpuig.xeill.net\/wp-content\/uploads\/2013\/02\/bibliotecas-300x183.jpg\" alt=\"\" width=\"300\" height=\"183\" srcset=\"https:\/\/blog.elpuig.xeill.net\/wp-content\/uploads\/2013\/02\/bibliotecas-300x183.jpg 300w, https:\/\/blog.elpuig.xeill.net\/wp-content\/uploads\/2013\/02\/bibliotecas-489x300.jpg 489w, https:\/\/blog.elpuig.xeill.net\/wp-content\/uploads\/2013\/02\/bibliotecas.jpg 783w\" sizes=\"(max-width: 300px) 100vw, 300px\" \/><\/a><\/p>\n<p>Les biblioteques de Santa Coloma de Gramenet s\u00f3n uns espais propers als ciutadans i desenvolupen la seva tasca en estreta relaci\u00f3 amb els diferents col\u00b7lectius i entitats colomenques. S\u00f3n un punt de refer\u00e8ncia de primera l\u00ednia per a la programaci\u00f3 cultural de la ciutat. Tenen com a missi\u00f3 satisfer les necessitats d\u2019informaci\u00f3, cultura, formaci\u00f3 i oci dels ciutadans. Els seus principals objectius s\u00f3n fomentar la lectura i recolzar la formaci\u00f3 cont\u00ednua, ser l\u2019acc\u00e9s immediat als serveis de lectura p\u00fablica municipal i a les tecnologies de la informaci\u00f3, ser centres de refer\u00e8ncia quant a l\u2019acc\u00e9s a la cultura i espais cabdals de trobada i intercanvi a la ciutat.<\/p>\n<p><a href=\"http:\/\/blog.elpuig.xeill.net\/wp-content\/uploads\/2013\/02\/Magradaria-que-tinguessis-m\u00e9s-llibres.jpg\"><img loading=\"lazy\" class=\"aligncenter size-full wp-image-1078\" title=\"M'agradaria que tinguessis m\u00e9s llibres\" src=\"http:\/\/blog.elpuig.xeill.net\/wp-content\/uploads\/2013\/02\/Magradaria-que-tinguessis-m\u00e9s-llibres.jpg\" alt=\"\" width=\"160\" height=\"107\" \/><\/a><\/p>\n<p>Santa Coloma disposa actualment de tres biblioteques p\u00fabliques, que formen part de la Xarxa de Biblioteques P\u00fabliques de la Diputaci\u00f3 de Barcelona.<\/p>\n<p>La Biblioteca Central va ser inaugurada l\u2019any 1995 i est\u00e0 situada en un edifici de 2.120 m\u00b2. Ofereix un fons de m\u00e9s de 70.000 documents, a m\u00e9s d&#8217;un fons local sobre el municipi i el Fons Joan Gomis de Solidaritat i Cooperaci\u00f3, que compta amb m\u00e9s de 3.000 documents de lliure acc\u00e9s. T\u00e9 18 ordinadors d&#8217;\u00fas p\u00fablic.<\/p>\n<p>La Biblioteca Can Peixauet es va inaugurar l&#8217;any 2001 i ocupa 1365 m\u00b2. El seu fons \u00e9s d&#8217;uns 53.000 documents i est\u00e0 especialitzat en ci\u00e8ncia-ficci\u00f3 i documents en xin\u00e8s. Disposa de 13 ordinadors d&#8217;\u00fas p\u00fablic.<\/p>\n<p>La Biblioteca Singuerl\u00edn &#8211; Salvador Cabr\u00e9 va ser inaugurada al 2010 i ocupa 1748 m\u00b2. El seu fons \u00e9s d&#8217;uns 32.000 documents. T\u00e9 una sala d\u2019actes habilitada per a la projecci\u00f3 de pel\u2022l\u00edcules amb una capacitat per 250 persones, motivat pel fet que el seu fons especialitzat \u00e9s de cinema d&#8217;autor i cinema documental. Disposa de 33 ordinadors d&#8217;\u00fas p\u00fablic.<\/p>\n<p><a href=\"http:\/\/blog.elpuig.xeill.net\/wp-content\/uploads\/2013\/02\/Biblioteca-INS-Puig-Castellar1.jpg\"><img loading=\"lazy\" class=\"aligncenter size-full wp-image-1092\" title=\"Biblioteca INS Puig Castellar\" src=\"http:\/\/blog.elpuig.xeill.net\/wp-content\/uploads\/2013\/02\/Biblioteca-INS-Puig-Castellar1.jpg\" alt=\"\" width=\"225\" height=\"225\" srcset=\"https:\/\/blog.elpuig.xeill.net\/wp-content\/uploads\/2013\/02\/Biblioteca-INS-Puig-Castellar1.jpg 225w, https:\/\/blog.elpuig.xeill.net\/wp-content\/uploads\/2013\/02\/Biblioteca-INS-Puig-Castellar1-150x150.jpg 150w\" sizes=\"(max-width: 225px) 100vw, 225px\" \/><\/a><\/p>\n<p>La Biblioteca de l&#8217;Institut Puig Castellar \u00e9s modesta si comparem les seves dades amb les biblioteques p\u00fabliques, ja que el seu fons \u00e9s d&#8217;uns 4000 documents i t\u00e9 7 ordinadors d&#8217;\u00fas p\u00fablic. A l&#8217;hora del pati, de 10 a 10,30, \u00e9s molt utilitzada per l&#8217;alumnat, en canvi, a les tardes, de 16 a 18 hores, encara no t\u00e9 un nivell d&#8217;utilitzaci\u00f3 massa alt.<\/p>\n<p>Finalment, saps qu\u00e8 \u00e9s Alad\u00ed? Si vols buscar un document (llibre, c\u00f2mic, revista, publicaci\u00f3 peri\u00f2dica, pel\u00b7l\u00edcula, disc&#8230;) per saber si est\u00e0 en qualsevol de les biblioteques p\u00fabliques de Santa Coloma de Gramenet o de tota la prov\u00edncia de Barcelona, pots visitar el <a title=\"Alad\u00ed\" href=\"http:\/\/sinera.diba.cat\/\">Cat\u00e0leg de la Xarxa de Biblioteques Municipals de la Diputaci\u00f3 de Barcelona<\/a>, tamb\u00e9 anomenat <a title=\"Alad\u00ed\" href=\"http:\/\/sinera.diba.cat\/\">Alad\u00ed<\/a>.<\/p>\n<p>Recorda que amb el mateix carnet pots demanar en pr\u00e9stec documents de qualsevol de les biblioteques p\u00fabliques.<\/p>\n<p>Altres enlla\u00e7os d&#8217;inter\u00e8s:<\/p>\n<ul>\n<li><a title=\"Biblioteca Central\" href=\"http:\/\/bibliotecavirtual.diba.cat\/detall-biblioteca\/-\/journal_content\/56_INSTANCE_2r6Q\/351207\/423072?p_r_p_1257239160_cids=351211&amp;p_r_p_-1254901832_lid=10495674 \">Biblioteca Central<\/a><\/li>\n<li><a title=\"Biblioteca Can Peixauet\" href=\"http:\/\/bibliotecavirtual.diba.cat\/detall-biblioteca\/-\/journal_content\/56_INSTANCE_2r6Q\/351194\/423964?p_r_p_1257239160_cids=351198&amp;p_r_p_-1254901832_lid=10153283 \">Biblioteca Can Peixauet<\/a><\/li>\n<li><a title=\"Bibliuteca Singuerlin-Salvador Cabr\u00e9\" href=\"http:\/\/bibliotecavirtual.diba.cat\/es\/detall-biblioteca\/\/journal_content\/56_INSTANCE_2r6Q\/351218\/478114?p_r_p_1257239160_cids=351222&amp;p_r_p_-1254901832_lid=9166489 \">Biblioteca Singuerl\u00edn-Salvador Cabr\u00e9<\/a><\/li>\n<li><a title=\"Biblioteca Institut Puig Castellar\" href=\"http:\/\/elpuig.xeill.net\/el-centre\/biblioteca\">Biblioteca de l&#8217;Institut Puig Castellar<\/a><\/li>\n<li><a title=\"Blog de la Biblioteca del Puig Castellar\" href=\"http:\/\/bibliotecapuigcastellar.blogspot.com.es\/\">Blog de la Biblioteca de l&#8217;Institut Puig Castellar<\/a><\/li>\n<\/ul>\n<p style=\"text-align: right;\">\u00a0 \u00a0 \u00a0 Pau Navarro (Coordinador \u00a0de la \u00a0Biblioteca del Puig Castellar)<\/p>\n","protected":false},"excerpt":{"rendered":"<p>Probablement heu anat algun cop a una biblioteca i heu fet \u00fas dels seus m\u00faltiples serveis&#8230; o no hi heu anat mai? Possiblement sabeu qu\u00e8 \u00e9s una biblioteca, quins serveis d\u00f3na, qu\u00e8 s&#8217;hi pot fer, quina utilitat t\u00e9 el carnet &hellip; <a href=\"https:\/\/blog.elpuig.xeill.net\/?p=1075\">Continua llegint <span class=\"meta-nav\">&rarr;<\/span><\/a><\/p>\n","protected":false},"author":2,"featured_media":0,"comment_status":"open","ping_status":"open","sticky":false,"template":"","format":"standard","meta":[],"categories":[123,128,124],"tags":[96,359],"_links":{"self":[{"href":"https:\/\/blog.elpuig.xeill.net\/index.php?rest_route=\/wp\/v2\/posts\/1075"}],"collection":[{"href":"https:\/\/blog.elpuig.xeill.net\/index.php?rest_route=\/wp\/v2\/posts"}],"about":[{"href":"https:\/\/blog.elpuig.xeill.net\/index.php?rest_route=\/wp\/v2\/types\/post"}],"author":[{"embeddable":true,"href":"https:\/\/blog.elpuig.xeill.net\/index.php?rest_route=\/wp\/v2\/users\/2"}],"replies":[{"embeddable":true,"href":"https:\/\/blog.elpuig.xeill.net\/index.php?rest_route=%2Fwp%2Fv2%2Fcomments&post=1075"}],"version-history":[{"count":7,"href":"https:\/\/blog.elpuig.xeill.net\/index.php?rest_route=\/wp\/v2\/posts\/1075\/revisions"}],"predecessor-version":[{"id":1103,"href":"https:\/\/blog.elpuig.xeill.net\/index.php?rest_route=\/wp\/v2\/posts\/1075\/revisions\/1103"}],"wp:attachment":[{"href":"https:\/\/blog.elpuig.xeill.net\/index.php?rest_route=%2Fwp%2Fv2%2Fmedia&parent=1075"}],"wp:term":[{"taxonomy":"category","embeddable":true,"href":"https:\/\/blog.elpuig.xeill.net\/index.php?rest_route=%2Fwp%2Fv2%2Fcategories&post=1075"},{"taxonomy":"post_tag","embeddable":true,"href":"https:\/\/blog.elpuig.xeill.net\/index.php?rest_route=%2Fwp%2Fv2%2Ftags&post=1075"}],"curies":[{"name":"wp","href":"https:\/\/api.w.org\/{rel}","templated":true}]}}