{"id":107,"date":"2011-10-19T19:23:10","date_gmt":"2011-10-19T17:23:10","guid":{"rendered":"http:\/\/blog.elpuig.xeill.net\/?p=107"},"modified":"2012-01-16T20:22:14","modified_gmt":"2012-01-16T18:22:14","slug":"questionari-per-adults-sobre-federico-moccia","status":"publish","type":"post","link":"https:\/\/blog.elpuig.xeill.net\/?p=107","title":{"rendered":"Q\u00fcestionari per adults sobre Federico Moccia"},"content":{"rendered":"<p style=\"text-align: left;\" lang=\"es-ES\" align=\"CENTER\">Rebeca Pe\u00f1aranda, alumna de 2n de batxillerat del nostre institut, est\u00e0 fent un treball de recerca tutorat pel professor Jos\u00e9 Luis Budr\u00eda, del Departament de Castell\u00e0, sobre l&#8217;autor itali\u00e0 Federico Moccia i ens ha demanat la publicaci\u00f3 del seg\u00fcent q\u00fcestionari amb el prec que les persones que n&#8217;estiguin interessades (gr\u00e0cies per avan\u00e7at a totes elles) puguin publicar les seves respostes en aquest blog.<\/p>\n<p style=\"text-align: left;\" lang=\"es-ES\" align=\"CENTER\"><a href=\"http:\/\/blog.elpuig.xeill.net\/wp-content\/uploads\/2011\/10\/Federico-Moccia.jpg\"><img loading=\"lazy\" class=\"aligncenter size-full wp-image-375\" title=\"Federico Moccia\" src=\"http:\/\/blog.elpuig.xeill.net\/wp-content\/uploads\/2011\/10\/Federico-Moccia.jpg\" alt=\"\" width=\"249\" height=\"203\" \/><\/a>Aquest \u00e9s el q\u00fcestionari per adults:<\/p>\n<ol>\n<li>\n<p lang=\"es-ES\"><span style=\"color: #000000;\"><span style=\"font-family: Times New Roman,serif;\"><span style=\"font-size: small;\"><span style=\"color: #000000;\">\u00bfConoce a Federico Moccia?<\/span><\/span><\/span><\/span><\/p>\n<\/li>\n<\/ol>\n<ol start=\"2\">\n<li>\n<p lang=\"es-ES\"><span style=\"color: #000000;\"><span style=\"font-family: Times New Roman,serif;\"><span style=\"font-size: small;\"><span style=\"color: #000000;\">Indique tres de sus obras.<\/span><\/span><\/span><\/span><\/p>\n<\/li>\n<\/ol>\n<ol start=\"3\">\n<li>\n<p lang=\"es-ES\"><span style=\"color: #000000;\"><span style=\"font-family: Times New Roman,serif;\"><span style=\"font-size: small;\"><span style=\"color: #000000;\">\u00bfCu\u00e1ntas obras suyas ha le\u00eddo? \u00bfCu\u00e1les?<\/span><\/span><\/span><\/span><\/p>\n<\/li>\n<\/ol>\n<ol start=\"4\">\n<li>\n<p lang=\"es-ES\"><span style=\"color: #000000;\"><span style=\"font-family: Times New Roman,serif;\"><span style=\"font-size: small;\"><span style=\"color: #000000;\">\u00bfCu\u00e1l de todas sus novelas es su favorita<\/span><\/span><\/span><\/span><\/p>\n<\/li>\n<li>\n<p lang=\"es-ES\"><span style=\"color: #000000;\"><span style=\"font-family: Times New Roman,serif;\"><span style=\"font-size: small;\">Explique por qu\u00e9 es \u00e9sa su favorita y no otra.<\/span><\/span><\/span><\/p>\n<\/li>\n<\/ol>\n<ol start=\"6\">\n<li>\n<p lang=\"es-ES\"><span style=\"color: #000000;\"><span style=\"font-family: Times New Roman,serif;\"><span style=\"font-size: small;\"><span style=\"color: #000000;\">\u00bfA qu\u00e9 clase de lectores cree que van dirigidos los libros de Moccia?<\/span><\/span><\/span><\/span><\/p>\n<\/li>\n<\/ol>\n<ol start=\"7\">\n<li>\n<p lang=\"es-ES\"><span style=\"color: #000000;\"><span style=\"font-family: Times New Roman,serif;\"><span style=\"font-size: small;\">\u00bfQu\u00e9 cree que opinan de \u00e9l los j\u00f3venes?<\/span><\/span><\/span><\/p>\n<\/li>\n<\/ol>\n<ol start=\"8\">\n<li>\n<p lang=\"es-ES\"><span style=\"color: #000000;\"><span style=\"font-family: Times New Roman,serif;\"><span style=\"font-size: small;\"><span style=\"color: #000000;\">\u00bfPor qu\u00e9 triunfa m\u00e1s entre los j\u00f3venes que entre los adultos?<\/span><\/span><\/span><\/span><\/p>\n<\/li>\n<\/ol>\n<ol start=\"9\">\n<li>\n<p lang=\"es-ES\"><span style=\"color: #000000;\"><span style=\"font-family: Times New Roman,serif;\"><span style=\"font-size: small;\"><span style=\"color: #000000;\">\u00bfCu\u00e1l cree qu\u00e9 es la clave de su \u00e9xito?<\/span><\/span><\/span><\/span><\/p>\n<\/li>\n<\/ol>\n<ol start=\"10\">\n<li>\n<p lang=\"es-ES\"><span style=\"color: #000000;\"><span style=\"font-family: Times New Roman,serif;\"><span style=\"font-size: small;\">\u00bfConoce alg\u00fan dato especial sobre el autor?<\/span><\/span><\/span><\/p>\n<\/li>\n<\/ol>\n<ol start=\"11\">\n<li>\n<p lang=\"es-ES\"><span style=\"color: #000000;\"><span style=\"font-family: Times New Roman,serif;\"><span style=\"font-size: small;\">\u00bfQu\u00e9 cree que tiene: m\u00e1s cr\u00edticas negativas o positivas?<\/span><\/span><\/span><\/p>\n<\/li>\n<\/ol>\n<p>.<\/p>\n","protected":false},"excerpt":{"rendered":"<p>Rebeca Pe\u00f1aranda, alumna de 2n de batxillerat del nostre institut, est\u00e0 fent un treball de recerca tutorat pel professor Jos\u00e9 Luis Budr\u00eda, del Departament de Castell\u00e0, sobre l&#8217;autor itali\u00e0 Federico Moccia i ens ha demanat la publicaci\u00f3 del seg\u00fcent q\u00fcestionari &hellip; <a href=\"https:\/\/blog.elpuig.xeill.net\/?p=107\">Continua llegint <span class=\"meta-nav\">&rarr;<\/span><\/a><\/p>\n","protected":false},"author":2,"featured_media":0,"comment_status":"open","ping_status":"open","sticky":false,"template":"","format":"standard","meta":[],"categories":[27],"tags":[19],"_links":{"self":[{"href":"https:\/\/blog.elpuig.xeill.net\/index.php?rest_route=\/wp\/v2\/posts\/107"}],"collection":[{"href":"https:\/\/blog.elpuig.xeill.net\/index.php?rest_route=\/wp\/v2\/posts"}],"about":[{"href":"https:\/\/blog.elpuig.xeill.net\/index.php?rest_route=\/wp\/v2\/types\/post"}],"author":[{"embeddable":true,"href":"https:\/\/blog.elpuig.xeill.net\/index.php?rest_route=\/wp\/v2\/users\/2"}],"replies":[{"embeddable":true,"href":"https:\/\/blog.elpuig.xeill.net\/index.php?rest_route=%2Fwp%2Fv2%2Fcomments&post=107"}],"version-history":[{"count":8,"href":"https:\/\/blog.elpuig.xeill.net\/index.php?rest_route=\/wp\/v2\/posts\/107\/revisions"}],"predecessor-version":[{"id":376,"href":"https:\/\/blog.elpuig.xeill.net\/index.php?rest_route=\/wp\/v2\/posts\/107\/revisions\/376"}],"wp:attachment":[{"href":"https:\/\/blog.elpuig.xeill.net\/index.php?rest_route=%2Fwp%2Fv2%2Fmedia&parent=107"}],"wp:term":[{"taxonomy":"category","embeddable":true,"href":"https:\/\/blog.elpuig.xeill.net\/index.php?rest_route=%2Fwp%2Fv2%2Fcategories&post=107"},{"taxonomy":"post_tag","embeddable":true,"href":"https:\/\/blog.elpuig.xeill.net\/index.php?rest_route=%2Fwp%2Fv2%2Ftags&post=107"}],"curies":[{"name":"wp","href":"https:\/\/api.w.org\/{rel}","templated":true}]}}