{"id":1053,"date":"2012-12-23T17:11:27","date_gmt":"2012-12-23T15:11:27","guid":{"rendered":"http:\/\/blog.elpuig.xeill.net\/?p=1053"},"modified":"2013-01-08T21:19:46","modified_gmt":"2013-01-08T19:19:46","slug":"festival-de-nadal","status":"publish","type":"post","link":"https:\/\/blog.elpuig.xeill.net\/?p=1053","title":{"rendered":"Festival de Nadal"},"content":{"rendered":"<p>Si d\u00e9iem ahir que el teatre al Puig Castellar ha donat molts fruits pel seu arrelament, ara \u00a0parlarem \u00a0d&#8217;un altre ritus cl\u00e0ssic de la vida al nostre institut, molt popular perqu\u00e8 implica una participaci\u00f3 molt nombrosa de l&#8217;alumnat i perqu\u00e8 marca la fi del primer trimestre:<a title=\"Festival de Nadal\" href=\"http:\/\/elpuig.xeill.net\/activitats\/activitats-extraescolars\/carnaval\/festes-i-festivals\">\u00a0el festival de Nada<\/a>l, una altra escola de conviv\u00e8ncia, de creativitat i d&#8217;aprenentatge art\u00edstic, musical, coreogr\u00e0fic i interpretatiu.<\/p>\n<p>Efectivament, abans d&#8217;ahir, divendres, 21 de desembre, els de 1r de batxillerat van organitzar i presentar el festival de Nadal sota la coordinaci\u00f3 de la professora Belinda Le\u00f3n i la participaci\u00f3 d&#8217;alumnes dels diferents grups i nivells (des de 1r d&#8217;ESO a batxillerat). Hi van fer dues funcions, una al mat\u00ed, per l&#8217;alumnat, el professorat del centre&#8230; i els antics alumnes que senten la crida de la nost\u00e0lgia i volen saludar els amics i veure com ho fan els seus antics companys, i una altra a la tarda, per familiars i amics. El fil conductor de les diferents actuacions \u2014l&#8217;argument, diguem-ne, de l&#8217;espectacle\u2014 era en aquest cas els preparatius de la festa de Cap d&#8217;Any, motiu pel qual la funci\u00f3 va culminar amb dotze alumnes de 1r de batxillerat sobre l&#8217;escenari que simbolitzaven les 12 campanades de la mitjanit del dia 31 de desembre i donaven la benvinguda a l&#8217;any 2013.<\/p>\n<p><a href=\"http:\/\/blog.elpuig.xeill.net\/wp-content\/uploads\/2012\/12\/Dueto.jpg\"><img loading=\"lazy\" class=\"aligncenter size-medium wp-image-1054\" title=\"Dueto\" src=\"http:\/\/blog.elpuig.xeill.net\/wp-content\/uploads\/2012\/12\/Dueto-300x225.jpg\" alt=\"\" width=\"300\" height=\"225\" srcset=\"https:\/\/blog.elpuig.xeill.net\/wp-content\/uploads\/2012\/12\/Dueto-300x225.jpg 300w, https:\/\/blog.elpuig.xeill.net\/wp-content\/uploads\/2012\/12\/Dueto-1024x768.jpg 1024w, https:\/\/blog.elpuig.xeill.net\/wp-content\/uploads\/2012\/12\/Dueto-400x300.jpg 400w\" sizes=\"(max-width: 300px) 100vw, 300px\" \/><\/a><\/p>\n<p>Entre els diferents n\u00fameros, aquest any dominaven la interpretaci\u00f3 de can\u00e7ons a viva veu (algunes balades mel\u00f2diques, altres rockeres, m\u00e9s mogudes, tamb\u00e9, per\u00f2, de rap), els jocs de sombres, les coreografies i balls de grups (<em>reggaetton, hip hop<\/em>&#8230;), sense que poguessin faltar les imitacions (la de Michael Jackson, per exemple) ni les peces de m\u00fasica cl\u00e0ssica (tocades amb la flauta travessera).<\/p>\n<p><a href=\"http:\/\/blog.elpuig.xeill.net\/wp-content\/uploads\/2012\/12\/Michael-Jackson.jpg\"><img loading=\"lazy\" class=\"aligncenter size-medium wp-image-1055\" title=\"Michael Jackson\" src=\"http:\/\/blog.elpuig.xeill.net\/wp-content\/uploads\/2012\/12\/Michael-Jackson-300x225.jpg\" alt=\"\" width=\"300\" height=\"225\" srcset=\"https:\/\/blog.elpuig.xeill.net\/wp-content\/uploads\/2012\/12\/Michael-Jackson-300x225.jpg 300w, https:\/\/blog.elpuig.xeill.net\/wp-content\/uploads\/2012\/12\/Michael-Jackson-1024x768.jpg 1024w, https:\/\/blog.elpuig.xeill.net\/wp-content\/uploads\/2012\/12\/Michael-Jackson-400x300.jpg 400w\" sizes=\"(max-width: 300px) 100vw, 300px\" \/><\/a><\/p>\n<p>Com que tots els assistents es van divertir de valent, encoratgem ara tot l&#8217;alumnat perqu\u00e8 ens doni la seva opini\u00f3 sobre les diferents actuacions i els moments m\u00e9s emocionants i divertits d&#8217;aquesta festa de tanta tradici\u00f3 al nostre centre. Esperem des d&#8217;avui els vostres comentaris!<\/p>\n<p><a href=\"http:\/\/blog.elpuig.xeill.net\/wp-content\/uploads\/2012\/12\/Cloenda.jpg\"><img loading=\"lazy\" class=\"aligncenter size-medium wp-image-1056\" title=\"Cloenda\" src=\"http:\/\/blog.elpuig.xeill.net\/wp-content\/uploads\/2012\/12\/Cloenda-300x225.jpg\" alt=\"\" width=\"300\" height=\"225\" srcset=\"https:\/\/blog.elpuig.xeill.net\/wp-content\/uploads\/2012\/12\/Cloenda-300x225.jpg 300w, https:\/\/blog.elpuig.xeill.net\/wp-content\/uploads\/2012\/12\/Cloenda-1024x768.jpg 1024w, https:\/\/blog.elpuig.xeill.net\/wp-content\/uploads\/2012\/12\/Cloenda-400x300.jpg 400w\" sizes=\"(max-width: 300px) 100vw, 300px\" \/><\/a><\/p>\n","protected":false},"excerpt":{"rendered":"<p>Si d\u00e9iem ahir que el teatre al Puig Castellar ha donat molts fruits pel seu arrelament, ara \u00a0parlarem \u00a0d&#8217;un altre ritus cl\u00e0ssic de la vida al nostre institut, molt popular perqu\u00e8 implica una participaci\u00f3 molt nombrosa de l&#8217;alumnat i perqu\u00e8 &hellip; <a href=\"https:\/\/blog.elpuig.xeill.net\/?p=1053\">Continua llegint <span class=\"meta-nav\">&rarr;<\/span><\/a><\/p>\n","protected":false},"author":2,"featured_media":0,"comment_status":"open","ping_status":"open","sticky":false,"template":"","format":"standard","meta":[],"categories":[56,88,10],"tags":[122],"_links":{"self":[{"href":"https:\/\/blog.elpuig.xeill.net\/index.php?rest_route=\/wp\/v2\/posts\/1053"}],"collection":[{"href":"https:\/\/blog.elpuig.xeill.net\/index.php?rest_route=\/wp\/v2\/posts"}],"about":[{"href":"https:\/\/blog.elpuig.xeill.net\/index.php?rest_route=\/wp\/v2\/types\/post"}],"author":[{"embeddable":true,"href":"https:\/\/blog.elpuig.xeill.net\/index.php?rest_route=\/wp\/v2\/users\/2"}],"replies":[{"embeddable":true,"href":"https:\/\/blog.elpuig.xeill.net\/index.php?rest_route=%2Fwp%2Fv2%2Fcomments&post=1053"}],"version-history":[{"count":6,"href":"https:\/\/blog.elpuig.xeill.net\/index.php?rest_route=\/wp\/v2\/posts\/1053\/revisions"}],"predecessor-version":[{"id":1058,"href":"https:\/\/blog.elpuig.xeill.net\/index.php?rest_route=\/wp\/v2\/posts\/1053\/revisions\/1058"}],"wp:attachment":[{"href":"https:\/\/blog.elpuig.xeill.net\/index.php?rest_route=%2Fwp%2Fv2%2Fmedia&parent=1053"}],"wp:term":[{"taxonomy":"category","embeddable":true,"href":"https:\/\/blog.elpuig.xeill.net\/index.php?rest_route=%2Fwp%2Fv2%2Fcategories&post=1053"},{"taxonomy":"post_tag","embeddable":true,"href":"https:\/\/blog.elpuig.xeill.net\/index.php?rest_route=%2Fwp%2Fv2%2Ftags&post=1053"}],"curies":[{"name":"wp","href":"https:\/\/api.w.org\/{rel}","templated":true}]}}