{"id":1011,"date":"2012-12-10T21:08:18","date_gmt":"2012-12-10T19:08:18","guid":{"rendered":"http:\/\/blog.elpuig.xeill.net\/?p=1011"},"modified":"2013-02-16T09:02:22","modified_gmt":"2013-02-16T07:02:22","slug":"contra-la-discriminacio","status":"publish","type":"post","link":"https:\/\/blog.elpuig.xeill.net\/?p=1011","title":{"rendered":"Contra la discriminaci\u00f3 de la dona"},"content":{"rendered":"<p>Malauradament, la discriminaci\u00f3 de la dona continua vigent al nostre temps\u00a0en diversos \u00e0mbits i sota diferents mecanismes, de vegades per acci\u00f3 i d&#8217;altres per omissi\u00f3. En veurem alguns exemples recents.<\/p>\n<p><strong>\u00c0mbit medi\u00e0tic internacional<\/strong>. Abans d&#8217;acabar l&#8217;any, des de 1927 la revista setmanal nord-americana <em><a title=\"Revista Time\" href=\"http:\/\/es.wikipedia.org\/wiki\/Time_(revista)\">Time<\/a><\/em> distingeix com a <a title=\"Persona de l'any\" href=\"http:\/\/es.wikipedia.org\/wiki\/Persona_del_a%C3%B1o\">Persona de l&#8217;any<\/a>\u00a0algun personatge d&#8217;actualitat (de fet, el t\u00edtol era \u201cHome de l&#8217;Any\u201d fins a 1999, per\u00f2 el van canviar per evitar les cr\u00edtiques per discriminaci\u00f3 sexista). Com que, lamentablement, s\u00f3n molt poques les dones que han estat guardonades amb aquest t\u00edtol i com que aquest any, el 2012, hi ha diverses candidates, la revista potser acabi elegint una dona, per destacar la seva labor. Les dones candidates aquest any s\u00f3n Hillary Clinton (secret\u00e0ria d&#8217;Estat dels EE.UU.), les Pussy Riot (v\u00edctimes de la intransig\u00e8ncia de les autoritats pol\u00edtiques i eclesi\u00e0stiques russes), <a href=\"http:\/\/ca.wikipedia.org\/wiki\/Aung_San_Suu_Kyi\">Aung San Suu Kyi<\/a> (l\u00edder de l&#8217;oposici\u00f3 democr\u00e0tica a Birm\u00e0nia), Marissa Mayer (inform\u00e0tica, directora de <em>Yahoo!<\/em>), \u00a0Gabby Douglas (medalla d&#8217;or de gimn\u00e0stica art\u00edstica als Jocs Ol\u00edmpics de Londres) i Malala Yousafzai, la jove pakistanesa de 15 anys que el 9 d&#8217;octubre va ser v\u00edctima d&#8217;un atemptat \u2014un tret al cap\u2014 dels talibans per defensar el dret a l&#8217;educaci\u00f3 per a les dones.<\/p>\n<p><a href=\"http:\/\/blog.elpuig.xeill.net\/wp-content\/uploads\/2012\/12\/Malala-Yousafzai.jpg\"><img loading=\"lazy\" class=\"aligncenter size-full wp-image-1012\" title=\"Malala Yousafzai\" src=\"http:\/\/blog.elpuig.xeill.net\/wp-content\/uploads\/2012\/12\/Malala-Yousafzai.jpg\" alt=\"\" width=\"138\" height=\"160\" \/><\/a><\/p>\n<p>Aquest tipus d&#8217;esdeveniments (<em>Persona de l&#8217;any<\/em>) potser tingui solament una import\u00e0ncia medi\u00e0tica, \u00e9s veritat, per\u00f2 s&#8217;ha de recon\u00e8ixer que \u00e9s molt trist que des de 1927 fins ara nom\u00e9s sis vegades hi hagin estan distingides dones amb aquest reconeixement (i en tres casos almenys, acompanyant el seu marit respectiu). \u00c9s un fet trist que produeix vergonya aliena i, al mateix temps, representatiu dels prejudicis masclistes que governen el m\u00f3n i que encara produeixen, en conseq\u00fc\u00e8ncia, una certa invisibilitat dels m\u00e8rits de les dones.<\/p>\n<p><a href=\"http:\/\/blog.elpuig.xeill.net\/wp-content\/uploads\/2012\/12\/Aung-San-Suu-Kyi.jpg\"><img loading=\"lazy\" class=\"aligncenter size-full wp-image-1023\" title=\"Aung San Suu Kyi\" src=\"http:\/\/blog.elpuig.xeill.net\/wp-content\/uploads\/2012\/12\/Aung-San-Suu-Kyi.jpg\" alt=\"\" width=\"123\" height=\"160\" \/><\/a><\/p>\n<p><strong>\u00c0mbit social internacional. <\/strong>Un altre cas va saltar de la premsa a l&#8217;opini\u00f3 p\u00fablica internacional\u00a0el passat 1 de desembre, quan vam poder llegir als diaris una informaci\u00f3 sobre el SMS (&#8220;La seva dona est\u00e0 abandonant el pa\u00eds<em>&#8220;<\/em>)\u00a0que els homes casats de l&#8217;Ar\u00e0bia Saudita reben quan la seva dona, fills o treballadors al seu servei arriben a la finestra de control de passaports de l&#8217;aeroport i es disposen a sortir del pa\u00eds per la ra\u00f3 que sigui. Segons va comentar l&#8217;activista Badriya al Bishr al diari <em>Al Hayat\u00a0<\/em>en denunciar aquests missatges,\u00a0\u201cles autoritats estan fent servir les noves tecnologies per vigilar les dones\u201d i \u201ccontinuar mantenint-les en estat d&#8217;esclavitud\u201d (en aquest pa\u00eds, i a altres pa\u00efsos de la zona, les dones necessiten l&#8217;autoritzaci\u00f3 del pare o del marit per treballar o viatjar).<\/p>\n<p><strong>\u00c0mbit pol\u00edtic.<\/strong>\u00a0Com es recordar\u00e0, a la IX legislatura, presidida por Jos\u00e9 Luis Rodr\u00edguez Zapatero, amb la finalitat, entre d&#8217;altres, d&#8217;impulsar pol\u00edtiques d&#8217;igualtat entre homes i dones, va funcionar al Govern espanyol durant dos anys, de 2008 a 2010, un <a href=\"http:\/\/es.wikipedia.org\/wiki\/Ministerio_de_Igualdad\">ministeri dedicat a la igualtat<\/a>. No entrarem ara a valorar en concret els resultats obtinguts per aquest ministeri. Nom\u00e9s volem constatar que un ministeri d&#8217;aquestes caracter\u00edstiques pret\u00e9n, en l\u00ednies generals, una visualitzaci\u00f3 pr\u00e0ctica de la necessitat de defensar la igualtat de drets socials entre les persones al marge del seu sexe o de les seves prefer\u00e8ncies sexuals. Si ara fem una breu ullada sobre algunes informacions recents facilitades per la premsa en relaci\u00f3 a la dona a l&#8217;\u00e0mbit pol\u00edtic espanyol, tenim el seg\u00fcent resultat:<\/p>\n<ul>\n<li>Al Parlament catal\u00e0 elegit el passat 25 de novembre hi ha 81 homes i 54 dones. (Al Govern catal\u00e0 de l&#8217;anterior legislatura, hi havia 11 homes i 3 dones conselleres.)<\/li>\n<li>Al Govern espanyol actual, hi ha 10 homes i 4 dones ministres.<\/li>\n<li>A la Junta d&#8217;Andalusia, on hi ha una conselleria d&#8217;Igualtat, s\u00f3n 7 homes i 5 conselleres.<\/li>\n<li>Al Govern de les Illes Balears, a m\u00e9s del president, hi ha 7 consellers i cap consellera.<\/li>\n<\/ul>\n<div><a href=\"http:\/\/blog.elpuig.xeill.net\/wp-content\/uploads\/2012\/12\/Pussy-Riot.jpg\"><img loading=\"lazy\" class=\"aligncenter size-medium wp-image-1021\" title=\"Pussy Riot\" src=\"http:\/\/blog.elpuig.xeill.net\/wp-content\/uploads\/2012\/12\/Pussy-Riot-300x260.jpg\" alt=\"\" width=\"300\" height=\"260\" srcset=\"https:\/\/blog.elpuig.xeill.net\/wp-content\/uploads\/2012\/12\/Pussy-Riot-300x260.jpg 300w, https:\/\/blog.elpuig.xeill.net\/wp-content\/uploads\/2012\/12\/Pussy-Riot-345x300.jpg 345w, https:\/\/blog.elpuig.xeill.net\/wp-content\/uploads\/2012\/12\/Pussy-Riot.jpg 660w\" sizes=\"(max-width: 300px) 100vw, 300px\" \/><\/a><\/div>\n<p><strong>\u00c0mbit laboral<\/strong>. A Barcelona, una dona, despr\u00e9s de treballar en la neteja d&#8217;una comunitat de propietaris a temps parcial durant 18 anys, en complir 66 anys, va veure denegada una prestaci\u00f3 de jubilaci\u00f3 per no tenir el requisit m\u00ednim de cotitzaci\u00f3 de quinze anys exigit per la llei espanyola. De fet la dona tenia, com diem, 18 anys cotitzats, per\u00f2 a jornada parcial. Un jutjat de Barcelona interessat pel cas va presentar una pregunta al Tribunal Europeu, i aquest li va respondre el passat 22 de novembre dient que la legislaci\u00f3 espanyola \u00e9s discriminat\u00f2ria respecte a la dona, at\u00e8s que el treball de jornada parcial, que \u00e9s el m\u00e9s freq\u00fcent en el cas de les dones, requereix m\u00e9s anys de cotitzaci\u00f3. (<a href=\"http:\/\/economia.elpais.com\/economia\/2012\/11\/22\/agencias\/1353578238_991967.html\">Veure m\u00e9s informaci\u00f3 sobre el cas<\/a>.)<\/p>\n<p><a href=\"http:\/\/blog.elpuig.xeill.net\/wp-content\/uploads\/2012\/12\/La-doble-jornada-de-la-dona.jpg\"><img loading=\"lazy\" class=\"aligncenter size-medium wp-image-1033\" title=\"La doble jornada de la dona\" src=\"http:\/\/blog.elpuig.xeill.net\/wp-content\/uploads\/2012\/12\/La-doble-jornada-de-la-dona-300x277.jpg\" alt=\"\" width=\"300\" height=\"277\" srcset=\"https:\/\/blog.elpuig.xeill.net\/wp-content\/uploads\/2012\/12\/La-doble-jornada-de-la-dona-300x277.jpg 300w, https:\/\/blog.elpuig.xeill.net\/wp-content\/uploads\/2012\/12\/La-doble-jornada-de-la-dona-1024x948.jpg 1024w, https:\/\/blog.elpuig.xeill.net\/wp-content\/uploads\/2012\/12\/La-doble-jornada-de-la-dona.jpg 1705w\" sizes=\"(max-width: 300px) 100vw, 300px\" \/><\/a><\/p>\n<p>Despr\u00e9s de llegir aquestes not\u00edcies, despr\u00e9s de recordar els articles de la <a href=\"http:\/\/www.xtec.cat\/~lvallmaj\/passeig\/dudh.htm\">Declaraci\u00f3 Universal de Drets Humans<\/a> que parlen de la igualtat, ens preguntem: \u00bfHi ha en la pr\u00e0ctica igualtat efectiva de drets i de reconeixement entre homes i dones? \u00bfS\u00f3n els mitjans de comunicaci\u00f3 conscients de la seva responsabilitat davant la invisibilitat de la dona en determinats \u00e0mbits? Quan es confeccionen les llistes electorals, \u00bfes tenen en compte els criteris d&#8217;igualtat entre homes i dones? \u00bfPer qu\u00e8 els drets de les dones s\u00f3n conculcats amb tanta facilitat a tot arreu? \u00bfCom lluitem des del nostre \u00e0mbit quotidi\u00e0 \u2014laboral, social i familiar\u2014 per defensar l&#8217;equitat entre homes i dones? Deixem aqu\u00ed aquestes preguntes per obrir debat i per comen\u00e7ar a recollir testimonis i opinions sobre la discriminaci\u00f3 de les dones&#8230; I tu, com ho veus?<\/p>\n<p>PD (13-12-2012).- Un informe realitzat per la Secretaria d&#8217;Estat per la Igualtat i fet p\u00fablic avui ha arribat a la conclusi\u00f3 que\u00a0les dones guanyen a Espanya un 37% menys d&#8217;incentius que els homes. <em>Aquesta discriminaci\u00f3 salarial per raons de sexe es m\u00e9s gran als treballs amb remuneraci\u00f3 no subjecta a criteris no objectius, <\/em>diu el diari <em>El Pa\u00eds<\/em>, on hem llegit la informaci\u00f3<em>. <\/em>I m\u00e9s:\u00a0\u201cSi descomptem circumst\u00e0ncies que en s\u00ed mateixes contribueixen a la desigualtat salarial, com s\u00f3n els nivells de formaci\u00f3 o les caracter\u00edstiques i mides de les empreses, ens trobem que hi ha un bon percentatge de desigualtat salarial, entorn al 50%, que roman inexplicat i que nom\u00e9s pot atribuir-se a raons de sexe. \u00c9s aix\u00f3 el m\u00e9s preocupant de tot&#8221;, ha dit Juan de Lucio, director del Servei d&#8217;Estudis del Consell Superior de Cambres i coordinador del treball.<a href=\"http:\/\/sociedad.elpais.com\/sociedad\/2012\/12\/13\/actualidad\/1355405959_616040.html\"><em>\u00a0<\/em>(Veure m\u00e9s informaci\u00f3).<\/a><\/p>\n<p>&nbsp;<\/p>\n","protected":false},"excerpt":{"rendered":"<p>Malauradament, la discriminaci\u00f3 de la dona continua vigent al nostre temps\u00a0en diversos \u00e0mbits i sota diferents mecanismes, de vegades per acci\u00f3 i d&#8217;altres per omissi\u00f3. En veurem alguns exemples recents. \u00c0mbit medi\u00e0tic internacional. Abans d&#8217;acabar l&#8217;any, des de 1927 la &hellip; <a href=\"https:\/\/blog.elpuig.xeill.net\/?p=1011\">Continua llegint <span class=\"meta-nav\">&rarr;<\/span><\/a><\/p>\n","protected":false},"author":2,"featured_media":0,"comment_status":"open","ping_status":"open","sticky":false,"template":"","format":"standard","meta":[],"categories":[71,101,66,42,33,40],"tags":[119,120],"_links":{"self":[{"href":"https:\/\/blog.elpuig.xeill.net\/index.php?rest_route=\/wp\/v2\/posts\/1011"}],"collection":[{"href":"https:\/\/blog.elpuig.xeill.net\/index.php?rest_route=\/wp\/v2\/posts"}],"about":[{"href":"https:\/\/blog.elpuig.xeill.net\/index.php?rest_route=\/wp\/v2\/types\/post"}],"author":[{"embeddable":true,"href":"https:\/\/blog.elpuig.xeill.net\/index.php?rest_route=\/wp\/v2\/users\/2"}],"replies":[{"embeddable":true,"href":"https:\/\/blog.elpuig.xeill.net\/index.php?rest_route=%2Fwp%2Fv2%2Fcomments&post=1011"}],"version-history":[{"count":18,"href":"https:\/\/blog.elpuig.xeill.net\/index.php?rest_route=\/wp\/v2\/posts\/1011\/revisions"}],"predecessor-version":[{"id":1017,"href":"https:\/\/blog.elpuig.xeill.net\/index.php?rest_route=\/wp\/v2\/posts\/1011\/revisions\/1017"}],"wp:attachment":[{"href":"https:\/\/blog.elpuig.xeill.net\/index.php?rest_route=%2Fwp%2Fv2%2Fmedia&parent=1011"}],"wp:term":[{"taxonomy":"category","embeddable":true,"href":"https:\/\/blog.elpuig.xeill.net\/index.php?rest_route=%2Fwp%2Fv2%2Fcategories&post=1011"},{"taxonomy":"post_tag","embeddable":true,"href":"https:\/\/blog.elpuig.xeill.net\/index.php?rest_route=%2Fwp%2Fv2%2Ftags&post=1011"}],"curies":[{"name":"wp","href":"https:\/\/api.w.org\/{rel}","templated":true}]}}