{"id":1,"date":"2011-09-18T20:44:40","date_gmt":"2011-09-18T20:44:40","guid":{"rendered":"http:\/\/blog.elpuig.xeill.net\/?p=1"},"modified":"2020-05-06T22:27:36","modified_gmt":"2020-05-06T20:27:36","slug":"hola-mon","status":"publish","type":"post","link":"https:\/\/blog.elpuig.xeill.net\/?p=1","title":{"rendered":"Ara que hi penso&#8230;"},"content":{"rendered":"<p>Aquesta entrada del Blog del Puig, la primera, podria dir-se tamb\u00e9 <em>Sota el cel del Puig,<\/em> amb el mateix t\u00edtol que <a title=\"Sota el cel del Puig\" href=\"http:\/\/elpuig.xeill.net\/sota-el-cel-del-puig\/sota-el-cel-del-puig\/revista\">la nostra revista,<\/a> doncs aquest blog vol ser un altre mitj\u00e0 d&#8217;expressi\u00f3 i comunicaci\u00f3 entre totes les persones vinculades a l&#8217;<a title=\"Institut Puig Castellar\" href=\"http:\/\/elpuig.xeill.net\/\">Institut Puig Castellar<\/a> per raons acad\u00e8miques, professionals o afectives, com ho \u00e9s la revista, com ho \u00e9s la nostra p\u00e0gina web. En tot cas, volem donar cabuda aqu\u00ed a tots els comentaris gen\u00e8rics (pensaments, articles, cr\u00edtiques, cr\u00f2niques, records, impressions, dedicat\u00f2ries, salutacions, etc.,) que no tinguin entrada pr\u00f2pia al nostre blog i que els usuaris creguin convenient enviar-nos.<\/p>\n<p><a href=\"http:\/\/blog.elpuig.xeill.net\/wp-content\/uploads\/2011\/09\/Institut-Puig-Castellar.jpg\"><img loading=\"lazy\" class=\"aligncenter size-medium wp-image-362\" title=\"Institut Puig Castellar\" src=\"http:\/\/blog.elpuig.xeill.net\/wp-content\/uploads\/2011\/09\/Institut-Puig-Castellar-300x225.jpg\" alt=\"\" width=\"300\" height=\"225\" srcset=\"https:\/\/blog.elpuig.xeill.net\/wp-content\/uploads\/2011\/09\/Institut-Puig-Castellar-300x225.jpg 300w, https:\/\/blog.elpuig.xeill.net\/wp-content\/uploads\/2011\/09\/Institut-Puig-Castellar-1024x768.jpg 1024w, https:\/\/blog.elpuig.xeill.net\/wp-content\/uploads\/2011\/09\/Institut-Puig-Castellar-400x300.jpg 400w\" sizes=\"(max-width: 300px) 100vw, 300px\" \/><\/a>Animem a l&#8217;alumnat, al professorat, als amics del Puig i a les fam\u00edlies de l&#8217;alumnat\u00a0 a col\u00b7laborar-hi des d&#8217;ara i donem, al mateix temps, la nostra m\u00e9s cordial benvinguda a totes les persones de bona voluntat que vulguin visitar-nos i acompanyar-nos en aquest espai de trobada i d&#8217;intercanvi amb les seves paraules, opinions i suggeriments.<\/p>\n","protected":false},"excerpt":{"rendered":"<p>Aquesta entrada del Blog del Puig, la primera, podria dir-se tamb\u00e9 Sota el cel del Puig, amb el mateix t\u00edtol que la nostra revista, doncs aquest blog vol ser un altre mitj\u00e0 d&#8217;expressi\u00f3 i comunicaci\u00f3 entre totes les persones vinculades &hellip; <a href=\"https:\/\/blog.elpuig.xeill.net\/?p=1\">Continua llegint <span class=\"meta-nav\">&rarr;<\/span><\/a><\/p>\n","protected":false},"author":1,"featured_media":0,"comment_status":"open","ping_status":"open","sticky":false,"template":"","format":"standard","meta":[],"categories":[348],"tags":[378],"_links":{"self":[{"href":"https:\/\/blog.elpuig.xeill.net\/index.php?rest_route=\/wp\/v2\/posts\/1"}],"collection":[{"href":"https:\/\/blog.elpuig.xeill.net\/index.php?rest_route=\/wp\/v2\/posts"}],"about":[{"href":"https:\/\/blog.elpuig.xeill.net\/index.php?rest_route=\/wp\/v2\/types\/post"}],"author":[{"embeddable":true,"href":"https:\/\/blog.elpuig.xeill.net\/index.php?rest_route=\/wp\/v2\/users\/1"}],"replies":[{"embeddable":true,"href":"https:\/\/blog.elpuig.xeill.net\/index.php?rest_route=%2Fwp%2Fv2%2Fcomments&post=1"}],"version-history":[{"count":8,"href":"https:\/\/blog.elpuig.xeill.net\/index.php?rest_route=\/wp\/v2\/posts\/1\/revisions"}],"predecessor-version":[{"id":2852,"href":"https:\/\/blog.elpuig.xeill.net\/index.php?rest_route=\/wp\/v2\/posts\/1\/revisions\/2852"}],"wp:attachment":[{"href":"https:\/\/blog.elpuig.xeill.net\/index.php?rest_route=%2Fwp%2Fv2%2Fmedia&parent=1"}],"wp:term":[{"taxonomy":"category","embeddable":true,"href":"https:\/\/blog.elpuig.xeill.net\/index.php?rest_route=%2Fwp%2Fv2%2Fcategories&post=1"},{"taxonomy":"post_tag","embeddable":true,"href":"https:\/\/blog.elpuig.xeill.net\/index.php?rest_route=%2Fwp%2Fv2%2Ftags&post=1"}],"curies":[{"name":"wp","href":"https:\/\/api.w.org\/{rel}","templated":true}]}}